{"id":633,"date":"2014-02-11T02:27:59","date_gmt":"2014-02-11T02:27:59","guid":{"rendered":"https:\/\/saloanoticias.mrmediaweb.com\/v1\/2014\/02\/11\/sao-joao-realiza-grande-desfile-de-moda\/"},"modified":"2014-02-11T02:27:59","modified_gmt":"2014-02-11T02:27:59","slug":"sao-joao-realiza-grande-desfile-de-moda","status":"publish","type":"post","link":"https:\/\/www.saloanoticias.com\/v1\/sao-joao-realiza-grande-desfile-de-moda\/","title":{"rendered":"S\u00c3O JO\u00c3O REALIZA GRANDE DESFILE DE MODA NO DIA 15\/02"},"content":{"rendered":"<p align=\"justify\"><font size=\"3\" face=\"Arial\"><a href=\"http:\/\/www.saloanoticias.com\/images\/so-joo.jpg\"><img loading=\"lazy\" decoding=\"async\" title=\"S&atilde;o Jo&atilde;o\" style=\"border-top: 0px; border-right: 0px; background-image: none; border-bottom: 0px; float: none; padding-top: 0px; padding-left: 0px; margin: 0px auto 10px; border-left: 0px; display: block; padding-right: 0px\" border=\"0\" alt=\"S&atilde;o Jo&atilde;o\" src=\"http:\/\/www.saloanoticias.com\/v1\/wp-content\/uploads\/imagens\/so-joo_thumb.jpg\" width=\"490\" height=\"340\"><\/a>N\u00e3o fique de fora da festa mais esperada de todos os tempos na cidade de S\u00e3o Jo\u00e3o\/PE. \u00c9 pela primeira vez que acontece o <strong><font face=\"Arial Black\">\u201cESQUENTA S\u00c3O JO\u00c3O\u2019&#8217;<\/font><\/strong>. O evento acontecer\u00e1 no dia 15 de fevereiro na Associa\u00e7\u00e3o Atl\u00e9tico Cultural ao lado da Secretaria de Educa\u00e7\u00e3o, \u00e0s 20h 30 min. Um grande desfile moda praia com Modelos de Garanhuns, S\u00e3o Jo\u00e3o, Bom Conselho e Angelim. In\u00e9dito, uma festa com grande estrutura, ir\u00e1 ser uma noite com moda e muita balada com os Djs Emanuel Ten\u00f3rio e o Top DJ Roberto, tocando at\u00e9 altas horas. Ingressos antecipados:R$ 6,00 Contatos: Daniel \u2013 fone <strong>(<font size=\"2\">087<\/font>) 9930-7621<\/strong>&nbsp; &#8211;&nbsp; \u00c2ngela \u2013 fone <strong>(<font size=\"2\">087<\/font>) 9804-2956<\/strong>.<\/font><\/p>\n<div style=\"margin-top: 0px; margin-bottom: 0px;\" class=\"sharethis-inline-share-buttons\" ><\/div>","protected":false},"excerpt":{"rendered":"<p>N\u00e3o fique de fora da festa mais esperada de todos os tempos na cidade de S\u00e3o Jo\u00e3o\/PE. \u00c9 pela primeira vez que acontece o \u201cESQUENTA S\u00c3O JO\u00c3O\u2019&#8217;. O evento acontecer\u00e1 no dia 15 de fevereiro na Associa\u00e7\u00e3o Atl\u00e9tico Cultural ao lado da Secretaria de Educa\u00e7\u00e3o, \u00e0s 20h 30 min. Um grande desfile moda praia com [&hellip;]<\/p>\n","protected":false},"author":1,"featured_media":0,"comment_status":"open","ping_status":"open","sticky":false,"template":"","format":"standard","meta":{"footnotes":""},"categories":[2],"tags":[],"class_list":["post-633","post","type-post","status-publish","format-standard","hentry","category-noticias-do-dia"],"_links":{"self":[{"href":"https:\/\/www.saloanoticias.com\/v1\/wp-json\/wp\/v2\/posts\/633","targetHints":{"allow":["GET"]}}],"collection":[{"href":"https:\/\/www.saloanoticias.com\/v1\/wp-json\/wp\/v2\/posts"}],"about":[{"href":"https:\/\/www.saloanoticias.com\/v1\/wp-json\/wp\/v2\/types\/post"}],"author":[{"embeddable":true,"href":"https:\/\/www.saloanoticias.com\/v1\/wp-json\/wp\/v2\/users\/1"}],"replies":[{"embeddable":true,"href":"https:\/\/www.saloanoticias.com\/v1\/wp-json\/wp\/v2\/comments?post=633"}],"version-history":[{"count":0,"href":"https:\/\/www.saloanoticias.com\/v1\/wp-json\/wp\/v2\/posts\/633\/revisions"}],"wp:attachment":[{"href":"https:\/\/www.saloanoticias.com\/v1\/wp-json\/wp\/v2\/media?parent=633"}],"wp:term":[{"taxonomy":"category","embeddable":true,"href":"https:\/\/www.saloanoticias.com\/v1\/wp-json\/wp\/v2\/categories?post=633"},{"taxonomy":"post_tag","embeddable":true,"href":"https:\/\/www.saloanoticias.com\/v1\/wp-json\/wp\/v2\/tags?post=633"}],"curies":[{"name":"wp","href":"https:\/\/api.w.org\/{rel}","templated":true}]}}