{"id":632,"date":"2014-02-11T07:00:00","date_gmt":"2014-02-11T07:00:00","guid":{"rendered":"https:\/\/saloanoticias.mrmediaweb.com\/v1\/2014\/02\/11\/culto-em-acao-de-gracas-do-jovem-janailton-quirino\/"},"modified":"2014-02-11T07:00:00","modified_gmt":"2014-02-11T07:00:00","slug":"culto-em-acao-de-gracas-do-jovem-janailton-quirino","status":"publish","type":"post","link":"https:\/\/www.saloanoticias.com\/v1\/culto-em-acao-de-gracas-do-jovem-janailton-quirino\/","title":{"rendered":"CULTO EM A\u00c7\u00c3O DE GRA\u00c7A DO JOVEM JANAILTON QUIRINO"},"content":{"rendered":"<p align=\"justify\"><font size=\"3\" face=\"Arial\"><a href=\"http:\/\/www.saloanoticias.com\/images\/janailton-quirino.jpg\"><img loading=\"lazy\" decoding=\"async\" title=\"Janailton Quirino\" style=\"border-left-width: 0px; border-right-width: 0px; background-image: none; border-bottom-width: 0px; float: none; padding-top: 0px; padding-left: 0px; margin: 0px auto 10px; display: block; padding-right: 0px; border-top-width: 0px\" border=\"0\" alt=\"Janailton Quirino\" src=\"http:\/\/www.saloanoticias.com\/v1\/wp-content\/uploads\/imagens\/janailton-quirino_thumb.jpg\" width=\"433\" height=\"433\"><\/a>Acontecer\u00e1 no pr\u00f3ximo domingo, 16 de fevereiro de 2014, na sede da <font face=\"Arial Black\">IEADPE (Igreja Evang\u00e9lica Assembleia de Deus)<\/font> em Salo\u00e1\/PE, o culto em A\u00e7\u00e3o de Gra\u00e7a oferecido pelo jovem <font face=\"Arial Black\">Janailton Quirino e fam\u00edlia<\/font> pelas ben\u00e7\u00e3os alcan\u00e7adas da parte de Deus nos \u00faltimos tempos. A festividade contar\u00e1 com a presen\u00e7a de v\u00e1rios cantores e um pregador especialmente convidado. Com o tema: <font face=\"Arial Black\">\u201cO que darei eu ao Senhor por todos os benef\u00edcios que me tem feito ? Salmos 116.12\u201d<\/font>, a fam\u00edlia agradece a Deus pelo grande livramento concedido a este servo do Senhor depois de um tr\u00e1gico acidente ocorrido no ano de 2013.<\/font><\/p>\n<p align=\"justify\"><font size=\"3\" face=\"Arial\">Na \u00e9poca, o Blog Salo\u00e1 Not\u00edcias acompanhou esta hist\u00f3ria de pertinho e, pudemos informar \u00e0 popula\u00e7\u00e3o sobre o grande milagre que Deus fez na vida de Janailton. Dessa forma, registramos aqui esta festa e desde j\u00e1, convidamos todos para estarem juntos celebrando a vit\u00f3ria do amigo e irm\u00e3o Janailton. O culto ter\u00e1 in\u00edcio \u00e0s 19 horas no templo sede que fica localizado na Rua Rold\u00e3o Ten\u00f3rio Cavalcante, n.\u00ba 100, no Centro de Salo\u00e1\/PE. Na foto acima, vemos Janaiton Quirino ao lado de sua prima Jhennifer Aline. <font face=\"Arial Black\">(Foto do Facebook de Jhennifer Aline)<\/font>.<\/font><\/p>\n<div style=\"margin-top: 0px; margin-bottom: 0px;\" class=\"sharethis-inline-share-buttons\" ><\/div>","protected":false},"excerpt":{"rendered":"<p>Acontecer\u00e1 no pr\u00f3ximo domingo, 16 de fevereiro de 2014, na sede da IEADPE (Igreja Evang\u00e9lica Assembleia de Deus) em Salo\u00e1\/PE, o culto em A\u00e7\u00e3o de Gra\u00e7a oferecido pelo jovem Janailton Quirino e fam\u00edlia pelas ben\u00e7\u00e3os alcan\u00e7adas da parte de Deus nos \u00faltimos tempos. A festividade contar\u00e1 com a presen\u00e7a de v\u00e1rios cantores e um pregador [&hellip;]<\/p>\n","protected":false},"author":1,"featured_media":0,"comment_status":"open","ping_status":"open","sticky":false,"template":"","format":"standard","meta":{"footnotes":""},"categories":[2],"tags":[],"class_list":["post-632","post","type-post","status-publish","format-standard","hentry","category-noticias-do-dia"],"_links":{"self":[{"href":"https:\/\/www.saloanoticias.com\/v1\/wp-json\/wp\/v2\/posts\/632","targetHints":{"allow":["GET"]}}],"collection":[{"href":"https:\/\/www.saloanoticias.com\/v1\/wp-json\/wp\/v2\/posts"}],"about":[{"href":"https:\/\/www.saloanoticias.com\/v1\/wp-json\/wp\/v2\/types\/post"}],"author":[{"embeddable":true,"href":"https:\/\/www.saloanoticias.com\/v1\/wp-json\/wp\/v2\/users\/1"}],"replies":[{"embeddable":true,"href":"https:\/\/www.saloanoticias.com\/v1\/wp-json\/wp\/v2\/comments?post=632"}],"version-history":[{"count":0,"href":"https:\/\/www.saloanoticias.com\/v1\/wp-json\/wp\/v2\/posts\/632\/revisions"}],"wp:attachment":[{"href":"https:\/\/www.saloanoticias.com\/v1\/wp-json\/wp\/v2\/media?parent=632"}],"wp:term":[{"taxonomy":"category","embeddable":true,"href":"https:\/\/www.saloanoticias.com\/v1\/wp-json\/wp\/v2\/categories?post=632"},{"taxonomy":"post_tag","embeddable":true,"href":"https:\/\/www.saloanoticias.com\/v1\/wp-json\/wp\/v2\/tags?post=632"}],"curies":[{"name":"wp","href":"https:\/\/api.w.org\/{rel}","templated":true}]}}