{"id":631,"date":"2014-02-10T23:01:39","date_gmt":"2014-02-10T23:01:39","guid":{"rendered":"https:\/\/saloanoticias.mrmediaweb.com\/v1\/2014\/02\/10\/cunhado-do-presidente-da-camara-de-bom-conselho-acaba-de-se-suicidar\/"},"modified":"2014-02-10T23:01:39","modified_gmt":"2014-02-10T23:01:39","slug":"cunhado-do-presidente-da-camara-de-bom-conselho-acaba-de-se-suicidar","status":"publish","type":"post","link":"https:\/\/www.saloanoticias.com\/v1\/cunhado-do-presidente-da-camara-de-bom-conselho-acaba-de-se-suicidar\/","title":{"rendered":"CUNHADO DO PRESIDENTE DA C\u00c2MARA DE BOM CONSELHO ACABA DE SE SUICIDAR"},"content":{"rendered":"<p align=\"justify\"><font size=\"3\" face=\"Arial\"><strong><font size=\"4\"><a href=\"http:\/\/www.saloanoticias.com\/images\/george02_37944446ade8b8c68973718c5318e32a.jpg\"><img loading=\"lazy\" decoding=\"async\" title=\"george02\" style=\"border-top: 0px; border-right: 0px; background-image: none; border-bottom: 0px; float: left; padding-top: 0px; padding-left: 0px; margin: 5px 5px 0px 0px; border-left: 0px; display: inline; padding-right: 0px\" border=\"0\" alt=\"george02\" src=\"http:\/\/www.saloanoticias.com\/v1\/wp-content\/uploads\/imagens\/george02_thumb_e8c5ebdb6f34dc500ba37357992183ae.jpg\" width=\"169\" align=\"left\" height=\"195\"><\/a><font face=\"Arial Black\">DO BLOG DO POETA.COM<\/font><\/font><\/strong>&nbsp; &#8211;&nbsp; A cidade de Bom Conselho em menos de 24 horas, registrou um homic\u00eddio e um suic\u00eddio. A popula\u00e7\u00e3o est\u00e1 em choque diante dos fatos negativos ocorridos.&nbsp; A fam\u00edlia n\u00e3o sabe o motivo do su\u00edcidio do policial militar George Curvelo, 30 anos de idade, e h\u00e1 mais de 10 anos era policial militar. Ele era&nbsp; casado com Thayse Curvelo, irm\u00e3 do presidente da C\u00e2mara de Vereadores de Bom Conselho, o vereador Geninho Tavares.<\/font><\/p>\n<p align=\"justify\"><font size=\"3\" face=\"Arial\">A partir que a not\u00edcia se espalhou, a rua em que ele morava, est\u00e1 lotada de pessoas. Policiais companheiros de farda est\u00e3o cabisbaixos com o ocorrido e triste not\u00edcia, pois, ele era muito querido por todos. O corpo, segundo informa\u00e7\u00f5es, foi encontrado pendurado numa corda, na varanda que fica no primeiro andar da casa. Daqui a pouco outras informa\u00e7\u00f5es.<\/font><\/p>\n<div style=\"margin-top: 0px; margin-bottom: 0px;\" class=\"sharethis-inline-share-buttons\" ><\/div>","protected":false},"excerpt":{"rendered":"<p>DO BLOG DO POETA.COM&nbsp; &#8211;&nbsp; A cidade de Bom Conselho em menos de 24 horas, registrou um homic\u00eddio e um suic\u00eddio. A popula\u00e7\u00e3o est\u00e1 em choque diante dos fatos negativos ocorridos.&nbsp; A fam\u00edlia n\u00e3o sabe o motivo do su\u00edcidio do policial militar George Curvelo, 30 anos de idade, e h\u00e1 mais de 10 anos era [&hellip;]<\/p>\n","protected":false},"author":1,"featured_media":0,"comment_status":"open","ping_status":"open","sticky":false,"template":"","format":"standard","meta":{"footnotes":""},"categories":[2],"tags":[],"class_list":["post-631","post","type-post","status-publish","format-standard","hentry","category-noticias-do-dia"],"_links":{"self":[{"href":"https:\/\/www.saloanoticias.com\/v1\/wp-json\/wp\/v2\/posts\/631","targetHints":{"allow":["GET"]}}],"collection":[{"href":"https:\/\/www.saloanoticias.com\/v1\/wp-json\/wp\/v2\/posts"}],"about":[{"href":"https:\/\/www.saloanoticias.com\/v1\/wp-json\/wp\/v2\/types\/post"}],"author":[{"embeddable":true,"href":"https:\/\/www.saloanoticias.com\/v1\/wp-json\/wp\/v2\/users\/1"}],"replies":[{"embeddable":true,"href":"https:\/\/www.saloanoticias.com\/v1\/wp-json\/wp\/v2\/comments?post=631"}],"version-history":[{"count":0,"href":"https:\/\/www.saloanoticias.com\/v1\/wp-json\/wp\/v2\/posts\/631\/revisions"}],"wp:attachment":[{"href":"https:\/\/www.saloanoticias.com\/v1\/wp-json\/wp\/v2\/media?parent=631"}],"wp:term":[{"taxonomy":"category","embeddable":true,"href":"https:\/\/www.saloanoticias.com\/v1\/wp-json\/wp\/v2\/categories?post=631"},{"taxonomy":"post_tag","embeddable":true,"href":"https:\/\/www.saloanoticias.com\/v1\/wp-json\/wp\/v2\/tags?post=631"}],"curies":[{"name":"wp","href":"https:\/\/api.w.org\/{rel}","templated":true}]}}