{"id":630,"date":"2014-02-10T12:15:59","date_gmt":"2014-02-10T12:15:59","guid":{"rendered":"https:\/\/saloanoticias.mrmediaweb.com\/v1\/2014\/02\/10\/armando-monteiro-e-recebido-com-festa-em-arcoverde\/"},"modified":"2014-02-10T12:15:59","modified_gmt":"2014-02-10T12:15:59","slug":"armando-monteiro-e-recebido-com-festa-em-arcoverde","status":"publish","type":"post","link":"https:\/\/www.saloanoticias.com\/v1\/armando-monteiro-e-recebido-com-festa-em-arcoverde\/","title":{"rendered":"ARMANDO MONTEIRO \u00c9 RECEBIDO COM FESTA EM ARCOVERDE"},"content":{"rendered":"<p align=\"justify\"><font size=\"3\"><font face=\"Arial\"><a href=\"http:\/\/www.saloanoticias.com\/images\/armando2.jpg\"><img loading=\"lazy\" decoding=\"async\" title=\"Armando2\" style=\"border-top: 0px; border-right: 0px; background-image: none; border-bottom: 0px; float: none; padding-top: 0px; padding-left: 0px; margin: 0px auto 10px; border-left: 0px; display: block; padding-right: 0px\" border=\"0\" alt=\"Armando2\" src=\"http:\/\/www.saloanoticias.com\/v1\/wp-content\/uploads\/imagens\/armando2_thumb.jpg\" width=\"553\" height=\"472\"><\/a>O senador Armando Monteiro (PTB) fez quest\u00e3o de ir a Arcoverde neste s\u00e1bado (8) \u00e0 noite para prestigiar o Baile Municipal e a prefeita Madalena Brito (PTB), uma das mais importantes aliadas que tem no Interior de Pernambuco. Antes do baile, Madalena promoveu um jantar para cerca de 100 pessoas, na casa dela, especialmente para receber o senador Armando Monteiro. Por l\u00e1, passaram tamb\u00e9m o deputado estadual J\u00falio Cavalcanti (PTB), os prefeitos Guga Lins (PSDB, Sert\u00e2nia), Zeca Vaz (PTB, Pedra) e Luiz Carlos (PT, Cust\u00f3dia), al\u00e9m dos ex-prefeitos Zeca Cavalcanti (Arcoverde) e Giovani Freitas (Sanhar\u00f3), ambos do PTB. Ainda na madrugada de domingo, Armando Monteiro retornou ao Recife, de carro, para participar de encontros com lideran\u00e7as pol\u00edticas da Regi\u00e3o Metropolitana.<\/font><\/font><\/p>\n<p align=\"justify\"><a href=\"http:\/\/www.saloanoticias.com\/images\/armando1.jpg\"><img loading=\"lazy\" decoding=\"async\" title=\"Armando1\" style=\"border-top: 0px; border-right: 0px; background-image: none; border-bottom: 0px; float: none; padding-top: 0px; padding-left: 0px; margin: 10px auto; border-left: 0px; display: block; padding-right: 0px\" border=\"0\" alt=\"Armando1\" src=\"http:\/\/www.saloanoticias.com\/v1\/wp-content\/uploads\/imagens\/armando1_thumb.jpg\" width=\"551\" height=\"393\"><\/a><\/p>\n<p align=\"justify\"><font size=\"3\"><font face=\"Arial\"><strong>Foto: Alexandre Albuquerque<\/strong><\/font><\/font><\/p>\n<div style=\"margin-top: 0px; margin-bottom: 0px;\" class=\"sharethis-inline-share-buttons\" ><\/div>","protected":false},"excerpt":{"rendered":"<p>O senador Armando Monteiro (PTB) fez quest\u00e3o de ir a Arcoverde neste s\u00e1bado (8) \u00e0 noite para prestigiar o Baile Municipal e a prefeita Madalena Brito (PTB), uma das mais importantes aliadas que tem no Interior de Pernambuco. Antes do baile, Madalena promoveu um jantar para cerca de 100 pessoas, na casa dela, especialmente para [&hellip;]<\/p>\n","protected":false},"author":1,"featured_media":0,"comment_status":"open","ping_status":"open","sticky":false,"template":"","format":"standard","meta":{"footnotes":""},"categories":[2],"tags":[],"class_list":["post-630","post","type-post","status-publish","format-standard","hentry","category-noticias-do-dia"],"_links":{"self":[{"href":"https:\/\/www.saloanoticias.com\/v1\/wp-json\/wp\/v2\/posts\/630","targetHints":{"allow":["GET"]}}],"collection":[{"href":"https:\/\/www.saloanoticias.com\/v1\/wp-json\/wp\/v2\/posts"}],"about":[{"href":"https:\/\/www.saloanoticias.com\/v1\/wp-json\/wp\/v2\/types\/post"}],"author":[{"embeddable":true,"href":"https:\/\/www.saloanoticias.com\/v1\/wp-json\/wp\/v2\/users\/1"}],"replies":[{"embeddable":true,"href":"https:\/\/www.saloanoticias.com\/v1\/wp-json\/wp\/v2\/comments?post=630"}],"version-history":[{"count":0,"href":"https:\/\/www.saloanoticias.com\/v1\/wp-json\/wp\/v2\/posts\/630\/revisions"}],"wp:attachment":[{"href":"https:\/\/www.saloanoticias.com\/v1\/wp-json\/wp\/v2\/media?parent=630"}],"wp:term":[{"taxonomy":"category","embeddable":true,"href":"https:\/\/www.saloanoticias.com\/v1\/wp-json\/wp\/v2\/categories?post=630"},{"taxonomy":"post_tag","embeddable":true,"href":"https:\/\/www.saloanoticias.com\/v1\/wp-json\/wp\/v2\/tags?post=630"}],"curies":[{"name":"wp","href":"https:\/\/api.w.org\/{rel}","templated":true}]}}