{"id":629,"date":"2014-02-09T20:42:15","date_gmt":"2014-02-09T20:42:15","guid":{"rendered":"https:\/\/saloanoticias.mrmediaweb.com\/v1\/2014\/02\/09\/aniversariantes-da-semana\/"},"modified":"2014-02-09T20:42:15","modified_gmt":"2014-02-09T20:42:15","slug":"aniversariantes-da-semana","status":"publish","type":"post","link":"https:\/\/www.saloanoticias.com\/v1\/aniversariantes-da-semana\/","title":{"rendered":"ANIVERSARIANTES DA SEMANA"},"content":{"rendered":"<p align=\"justify\"><font size=\"3\" face=\"Arial\"><a href=\"http:\/\/www.saloanoticias.com\/images\/aniviversrio2_7379a35412c0c93b6b80fa4635a280d1.jpg\"><img loading=\"lazy\" decoding=\"async\" title=\"anivivers&aacute;rio2\" style=\"border-top: 0px; border-right: 0px; background-image: none; border-bottom: 0px; float: none; padding-top: 0px; padding-left: 0px; margin: 0px auto 10px; border-left: 0px; display: block; padding-right: 0px\" border=\"0\" alt=\"anivivers&aacute;rio2\" src=\"http:\/\/www.saloanoticias.com\/v1\/wp-content\/uploads\/imagens\/aniviversrio2_thumb_97b80084846e4d5f152e6fdab6a651ed.jpg\" width=\"546\" height=\"355\"><\/a>Esta semana foi de muita comemora\u00e7\u00e3o e festa pela passagem de anivers\u00e1rio de tr\u00eas pessoas bastante conhecidas na cidade de Salo\u00e1\/PE. N\u00e3o foram poucos os parab\u00e9ns dispensados ao secret\u00e1rio de administra\u00e7\u00e3o Airto Maciel, ao chefe de almoxarifado Rivelino Gomes, pai do agora diretor de transporte da prefeitura de Salo\u00e1, Dinho Birunda, e o jovem Paulinho Cadengue, primos, que completaram idade nova nesta semana que estamos. Queremos desejar aqui esta lembran\u00e7a e desejar aos tr\u00eas muitas felicidades e que esta data se repita por muitos e muitos anos. Estes s\u00e3o os votos de todos os que fazem o Blog Salo\u00e1 Not\u00edcias e dos seus familiares.<\/font><\/p>\n<div style=\"margin-top: 0px; margin-bottom: 0px;\" class=\"sharethis-inline-share-buttons\" ><\/div>","protected":false},"excerpt":{"rendered":"<p>Esta semana foi de muita comemora\u00e7\u00e3o e festa pela passagem de anivers\u00e1rio de tr\u00eas pessoas bastante conhecidas na cidade de Salo\u00e1\/PE. N\u00e3o foram poucos os parab\u00e9ns dispensados ao secret\u00e1rio de administra\u00e7\u00e3o Airto Maciel, ao chefe de almoxarifado Rivelino Gomes, pai do agora diretor de transporte da prefeitura de Salo\u00e1, Dinho Birunda, e o jovem Paulinho [&hellip;]<\/p>\n","protected":false},"author":1,"featured_media":0,"comment_status":"open","ping_status":"open","sticky":false,"template":"","format":"standard","meta":{"footnotes":""},"categories":[2],"tags":[],"class_list":["post-629","post","type-post","status-publish","format-standard","hentry","category-noticias-do-dia"],"_links":{"self":[{"href":"https:\/\/www.saloanoticias.com\/v1\/wp-json\/wp\/v2\/posts\/629","targetHints":{"allow":["GET"]}}],"collection":[{"href":"https:\/\/www.saloanoticias.com\/v1\/wp-json\/wp\/v2\/posts"}],"about":[{"href":"https:\/\/www.saloanoticias.com\/v1\/wp-json\/wp\/v2\/types\/post"}],"author":[{"embeddable":true,"href":"https:\/\/www.saloanoticias.com\/v1\/wp-json\/wp\/v2\/users\/1"}],"replies":[{"embeddable":true,"href":"https:\/\/www.saloanoticias.com\/v1\/wp-json\/wp\/v2\/comments?post=629"}],"version-history":[{"count":0,"href":"https:\/\/www.saloanoticias.com\/v1\/wp-json\/wp\/v2\/posts\/629\/revisions"}],"wp:attachment":[{"href":"https:\/\/www.saloanoticias.com\/v1\/wp-json\/wp\/v2\/media?parent=629"}],"wp:term":[{"taxonomy":"category","embeddable":true,"href":"https:\/\/www.saloanoticias.com\/v1\/wp-json\/wp\/v2\/categories?post=629"},{"taxonomy":"post_tag","embeddable":true,"href":"https:\/\/www.saloanoticias.com\/v1\/wp-json\/wp\/v2\/tags?post=629"}],"curies":[{"name":"wp","href":"https:\/\/api.w.org\/{rel}","templated":true}]}}