{"id":628,"date":"2014-02-09T12:32:17","date_gmt":"2014-02-09T12:32:17","guid":{"rendered":"https:\/\/saloanoticias.mrmediaweb.com\/v1\/2014\/02\/09\/vestibular-fadire-funeso-em-saloa-pe\/"},"modified":"2014-02-09T12:32:17","modified_gmt":"2014-02-09T12:32:17","slug":"vestibular-fadire-funeso-em-saloa-pe","status":"publish","type":"post","link":"https:\/\/www.saloanoticias.com\/v1\/vestibular-fadire-funeso-em-saloa-pe\/","title":{"rendered":"VESTIBULAR FADIRE\/FUNESO EM SALO\u00c1\/PE"},"content":{"rendered":"<p align=\"justify\"><font size=\"3\" face=\"Arial\"><a href=\"http:\/\/www.saloanoticias.com\/images\/fadire---cpia_21b42aa3935796852d3f0283ae5590cd.jpg\"><img loading=\"lazy\" decoding=\"async\" title=\"Fadire - C&oacute;pia\" style=\"border-top: 0px; border-right: 0px; background-image: none; border-bottom: 0px; float: left; padding-top: 0px; padding-left: 0px; margin: 5px 5px 10px 0px; border-left: 0px; display: inline; padding-right: 0px\" border=\"0\" alt=\"Fadire - C&oacute;pia\" src=\"http:\/\/www.saloanoticias.com\/v1\/wp-content\/uploads\/imagens\/fadire---cpia_thumb_c07d913c271c9efac0c68a9e0c544043.jpg\" width=\"247\" align=\"left\" height=\"208\"><\/a>No dia 7 de fevereiro, o coordenador de P\u00f3los da faculdade FADIRE\\FUNESO-I-SETE esteve na abertura do ano letivo a convite do Prefeito Ricardo Alves e da Secret\u00e1ria de Educa\u00e7\u00e3o Josevalda Cavalcante, para uma pequena explana\u00e7\u00e3o do que \u00e9 ser professor e da motiva\u00e7\u00e3o dos nossos educadores. Tambem neste momento Julio Costa, pessoa muito conhecida em nosso munic\u00edpio deu todas as informa\u00e7\u00f5es sobre o polo&nbsp; de Salo\u00e1, que tem aulas de Pedagogia, falando da verassidade da Faculdade FADIRE\\FUNESO I-SETE, e que fez o maior sucesso, pois as novas professoras est\u00e3o aderindo a nossa faculdade.<\/font><\/p>\n<p align=\"justify\"><font size=\"3\" face=\"Arial\">A 3 anos a FADIRE esta presente em nosso mun\u00edcipio, m\u00e1s agora com apoio de Ricardo e de Josevalda, as novas turmas ser\u00e3o formadas. Com curso de Bacharelado em Pedagogia. Administra\u00e7\u00e3o e Biologia. Tambem estamos com inscri\u00e7\u00f5es para os cursos de SERVI\u00c7O SOCIAL E EDUCA\u00c7\u00c3O FISICA. Venha voc\u00ea tambem faze parte da faculdade que mais cresce em nosso estado. Contatos com Marilia Correia, 81063290, paa maiores informa\u00e7\u00f5es e inscri\u00e7\u00f5es.<\/font><\/p>\n<div style=\"margin-top: 0px; margin-bottom: 0px;\" class=\"sharethis-inline-share-buttons\" ><\/div>","protected":false},"excerpt":{"rendered":"<p>No dia 7 de fevereiro, o coordenador de P\u00f3los da faculdade FADIRE\\FUNESO-I-SETE esteve na abertura do ano letivo a convite do Prefeito Ricardo Alves e da Secret\u00e1ria de Educa\u00e7\u00e3o Josevalda Cavalcante, para uma pequena explana\u00e7\u00e3o do que \u00e9 ser professor e da motiva\u00e7\u00e3o dos nossos educadores. Tambem neste momento Julio Costa, pessoa muito conhecida em [&hellip;]<\/p>\n","protected":false},"author":1,"featured_media":0,"comment_status":"open","ping_status":"open","sticky":false,"template":"","format":"standard","meta":{"footnotes":""},"categories":[2],"tags":[],"class_list":["post-628","post","type-post","status-publish","format-standard","hentry","category-noticias-do-dia"],"_links":{"self":[{"href":"https:\/\/www.saloanoticias.com\/v1\/wp-json\/wp\/v2\/posts\/628","targetHints":{"allow":["GET"]}}],"collection":[{"href":"https:\/\/www.saloanoticias.com\/v1\/wp-json\/wp\/v2\/posts"}],"about":[{"href":"https:\/\/www.saloanoticias.com\/v1\/wp-json\/wp\/v2\/types\/post"}],"author":[{"embeddable":true,"href":"https:\/\/www.saloanoticias.com\/v1\/wp-json\/wp\/v2\/users\/1"}],"replies":[{"embeddable":true,"href":"https:\/\/www.saloanoticias.com\/v1\/wp-json\/wp\/v2\/comments?post=628"}],"version-history":[{"count":0,"href":"https:\/\/www.saloanoticias.com\/v1\/wp-json\/wp\/v2\/posts\/628\/revisions"}],"wp:attachment":[{"href":"https:\/\/www.saloanoticias.com\/v1\/wp-json\/wp\/v2\/media?parent=628"}],"wp:term":[{"taxonomy":"category","embeddable":true,"href":"https:\/\/www.saloanoticias.com\/v1\/wp-json\/wp\/v2\/categories?post=628"},{"taxonomy":"post_tag","embeddable":true,"href":"https:\/\/www.saloanoticias.com\/v1\/wp-json\/wp\/v2\/tags?post=628"}],"curies":[{"name":"wp","href":"https:\/\/api.w.org\/{rel}","templated":true}]}}