{"id":627,"date":"2014-02-10T13:16:00","date_gmt":"2014-02-10T13:16:00","guid":{"rendered":"https:\/\/saloanoticias.mrmediaweb.com\/v1\/2014\/02\/10\/projeto-de-piscicultura-implatado-em-saloa-ja-da-frutos\/"},"modified":"2014-02-10T13:16:00","modified_gmt":"2014-02-10T13:16:00","slug":"projeto-de-piscicultura-implatado-em-saloa-ja-da-frutos","status":"publish","type":"post","link":"https:\/\/www.saloanoticias.com\/v1\/projeto-de-piscicultura-implatado-em-saloa-ja-da-frutos\/","title":{"rendered":"PROJETO DE PISCICULTURA IMPLATADO NA CAMARATUBA J\u00c1 D\u00c1 FRUTOS"},"content":{"rendered":"<p align=\"justify\"><font size=\"3\" face=\"Arial\"><a href=\"http:\/\/www.saloanoticias.com\/images\/peixes-da-camaratuba.jpg\"><img loading=\"lazy\" decoding=\"async\" title=\"Peixes da Camaratuba\" style=\"border-left-width: 0px; border-right-width: 0px; background-image: none; border-bottom-width: 0px; float: none; padding-top: 0px; padding-left: 0px; margin: 0px auto 10px; display: block; padding-right: 0px; border-top-width: 0px\" border=\"0\" alt=\"Peixes da Camaratuba\" src=\"http:\/\/www.saloanoticias.com\/v1\/wp-content\/uploads\/imagens\/peixes-da-camaratuba_thumb.jpg\" width=\"597\" height=\"448\"><\/a>H\u00e1 pouco mais de 60 dias fizemos uma postagem aqui no Blog sobre o projeto de piscicultura que estava sendo implantando na comunidade, Camaratuba da Prata, na zona rural do munic\u00edpio de Salo\u00e1\/PE, pela prefeitura municipal, atrav\u00e9s da secretaria de agricultura municipal e em parceria com o IPA, este que foi idealizado e posto em pr\u00e1tica pelo prefeito Ricardo Alves ainda nos seus primeiros dias de governo. O projeto foi bastante elogiado na \u00e9poca, porque, al\u00e9m de fornecer a constru\u00e7\u00e3o dos tanques de cria\u00e7\u00e3o dos peixes aos agricultores, a prefeitura ainda daria os alevinos que seriam alimentados e, se tornarem peixes grande prontos para serem vendidos no futuro.<\/font><\/p>\n<p align=\"justify\"><a href=\"http:\/\/www.saloanoticias.com\/images\/camaratuba.jpg\"><img loading=\"lazy\" decoding=\"async\" title=\"Camaratuba\" style=\"border-left-width: 0px; border-right-width: 0px; background-image: none; border-bottom-width: 0px; float: none; padding-top: 0px; padding-left: 0px; margin: 10px auto; display: block; padding-right: 0px; border-top-width: 0px\" border=\"0\" alt=\"Camaratuba\" src=\"http:\/\/www.saloanoticias.com\/v1\/wp-content\/uploads\/imagens\/camaratuba_thumb.jpg\" width=\"596\" height=\"447\"><\/a><\/p>\n<p align=\"justify\"><font size=\"3\" face=\"Arial\">Na semana passada o extensionista rural do IPA (Instituto Agron\u00f4mico de Pernambuco), Pedro Balensifer, esteve na Camaratuba para fazer a primeira biometria (pesagem dos peixes para acompanhamento e crescimento), e o resultado foi mais do que positivo. Os viveiros foram povoados no dia 30 de novembro de 2013, portanto, completando pouco mais de 60 dias de cultivo e os peixes j\u00e1 est\u00e3o apresentando desenvolvimento satisfat\u00f3rio com pesos m\u00e9dios que variam de 105 a 177 gramas, a depender do viveiro, uma vez que est\u00e1 sendo cultivados em v\u00e1rios locais, em fam\u00edlias diferentes.<\/font><\/p>\n<p align=\"justify\"><a href=\"http:\/\/www.saloanoticias.com\/images\/camaratuba2_70c7211295ef57b6f42c64dca8f4ec2f.jpg\"><img loading=\"lazy\" decoding=\"async\" title=\"Camaratuba2\" style=\"border-top: 0px; border-right: 0px; background-image: none; border-bottom: 0px; float: none; padding-top: 0px; padding-left: 0px; margin: 10px auto; border-left: 0px; display: block; padding-right: 0px\" border=\"0\" alt=\"Camaratuba2\" src=\"http:\/\/www.saloanoticias.com\/v1\/wp-content\/uploads\/imagens\/camaratuba2_thumb_28e44a7cc7e2bfe903e749f438628bd9.jpg\" width=\"593\" height=\"445\"><\/a><\/p>\n<p align=\"justify\"><font size=\"3\" face=\"Arial\">Diante dos fatos, estamos mostrando os primeiros resultados desta brilhante ideia e as fotos nos mostram que quando se acredita em algo bom para \u00e0 popula\u00e7\u00e3o as coisas acontecem naturalmente, disse o Pedro do IPA. Veja os primeiros peixes que est\u00e3o sendo produzidos pelos criadores do s\u00edtio Camaratuba da Prata em Salo\u00e1 em poucos dias da implanta\u00e7\u00e3o dessa cultura na regi\u00e3o. Segundo o prefeito Ricardo, isso muito nos alegra, pois, esse \u00e9 o resultado de um trabalho s\u00e9rio e de pessoas que acreditaram no apoio do poder p\u00fablico. Isso comprova que as coisas boas podem acontecer no munic\u00edpio e, principalmente, produzindo renda para as comunidades.<\/font><\/p>\n<p align=\"justify\"><a href=\"http:\/\/www.saloanoticias.com\/images\/camaratuba4_f7e64c61489f9999ba43ced23a9e0470.jpg\"><img loading=\"lazy\" decoding=\"async\" title=\"Camaratuba4\" style=\"border-top: 0px; border-right: 0px; background-image: none; border-bottom: 0px; float: none; padding-top: 0px; padding-left: 0px; margin: 10px auto; border-left: 0px; display: block; padding-right: 0px\" border=\"0\" alt=\"Camaratuba4\" src=\"http:\/\/www.saloanoticias.com\/v1\/wp-content\/uploads\/imagens\/camaratuba4_thumb_88a520291176497e0c92330fa2f6acf6.jpg\" width=\"587\" height=\"782\"><\/a><\/p>\n<p align=\"justify\"><font size=\"3\" face=\"Arial\">Ainda segundo o gestor, esta a\u00e7\u00e3o deve ser implantada em outros s\u00edtios e localidades, levando mais renda e trabalho para o povo. Segundo os t\u00e9cnicos do IPA os produtores ter\u00e3o\u00b4peixe em fartura j\u00e1 na Semana Santa para consumo pr\u00f3prio e para venda.<\/font><\/p>\n<p align=\"justify\"><a href=\"http:\/\/www.saloanoticias.com\/images\/camaratuba3.jpg\"><img loading=\"lazy\" decoding=\"async\" title=\"Camaratuba3\" style=\"border-left-width: 0px; border-right-width: 0px; background-image: none; border-bottom-width: 0px; float: none; padding-top: 0px; padding-left: 0px; margin: 10px auto; display: block; padding-right: 0px; border-top-width: 0px\" border=\"0\" alt=\"Camaratuba3\" src=\"http:\/\/www.saloanoticias.com\/v1\/wp-content\/uploads\/imagens\/camaratuba3_thumb.jpg\" width=\"584\" height=\"438\"><\/a><\/p>\n<div style=\"margin-top: 0px; margin-bottom: 0px;\" class=\"sharethis-inline-share-buttons\" ><\/div>","protected":false},"excerpt":{"rendered":"<p>H\u00e1 pouco mais de 60 dias fizemos uma postagem aqui no Blog sobre o projeto de piscicultura que estava sendo implantando na comunidade, Camaratuba da Prata, na zona rural do munic\u00edpio de Salo\u00e1\/PE, pela prefeitura municipal, atrav\u00e9s da secretaria de agricultura municipal e em parceria com o IPA, este que foi idealizado e posto em [&hellip;]<\/p>\n","protected":false},"author":1,"featured_media":0,"comment_status":"open","ping_status":"open","sticky":false,"template":"","format":"standard","meta":{"footnotes":""},"categories":[2],"tags":[],"class_list":["post-627","post","type-post","status-publish","format-standard","hentry","category-noticias-do-dia"],"_links":{"self":[{"href":"https:\/\/www.saloanoticias.com\/v1\/wp-json\/wp\/v2\/posts\/627","targetHints":{"allow":["GET"]}}],"collection":[{"href":"https:\/\/www.saloanoticias.com\/v1\/wp-json\/wp\/v2\/posts"}],"about":[{"href":"https:\/\/www.saloanoticias.com\/v1\/wp-json\/wp\/v2\/types\/post"}],"author":[{"embeddable":true,"href":"https:\/\/www.saloanoticias.com\/v1\/wp-json\/wp\/v2\/users\/1"}],"replies":[{"embeddable":true,"href":"https:\/\/www.saloanoticias.com\/v1\/wp-json\/wp\/v2\/comments?post=627"}],"version-history":[{"count":0,"href":"https:\/\/www.saloanoticias.com\/v1\/wp-json\/wp\/v2\/posts\/627\/revisions"}],"wp:attachment":[{"href":"https:\/\/www.saloanoticias.com\/v1\/wp-json\/wp\/v2\/media?parent=627"}],"wp:term":[{"taxonomy":"category","embeddable":true,"href":"https:\/\/www.saloanoticias.com\/v1\/wp-json\/wp\/v2\/categories?post=627"},{"taxonomy":"post_tag","embeddable":true,"href":"https:\/\/www.saloanoticias.com\/v1\/wp-json\/wp\/v2\/tags?post=627"}],"curies":[{"name":"wp","href":"https:\/\/api.w.org\/{rel}","templated":true}]}}