{"id":626,"date":"2014-02-08T21:50:18","date_gmt":"2014-02-08T21:50:18","guid":{"rendered":"https:\/\/saloanoticias.mrmediaweb.com\/v1\/2014\/02\/08\/padre-rivaldo-peixoto-toma-posse-hoje-em-canhotinho\/"},"modified":"2014-02-08T21:50:18","modified_gmt":"2014-02-08T21:50:18","slug":"padre-rivaldo-peixoto-toma-posse-hoje-em-canhotinho","status":"publish","type":"post","link":"https:\/\/www.saloanoticias.com\/v1\/padre-rivaldo-peixoto-toma-posse-hoje-em-canhotinho\/","title":{"rendered":"PADRE RIVALDO PEIXOTO TOMA POSSE HOJE EM CANHOTINHO"},"content":{"rendered":"<p align=\"justify\"><font size=\"3\" face=\"Arial\"><a href=\"http:\/\/www.saloanoticias.com\/images\/rivaldo-peixoto_aa491475fc19e790fff0c77ecedbcd6e.jpg\"><img loading=\"lazy\" decoding=\"async\" title=\"Rivaldo Peixoto\" style=\"border-top: 0px; border-right: 0px; background-image: none; border-bottom: 0px; float: none; padding-top: 0px; padding-left: 0px; margin: 0px auto 10px; border-left: 0px; display: block; padding-right: 0px\" border=\"0\" alt=\"Rivaldo Peixoto\" src=\"http:\/\/www.saloanoticias.com\/v1\/wp-content\/uploads\/imagens\/rivaldo-peixoto_thumb_6f49338f4d22fce27f7119c3e8336752.jpg\" width=\"562\" height=\"372\"><\/a>Acontecer\u00e1 daqui a poucos instantes na cidade de Canhotinho, agreste pernambucano, a posse do novo p\u00e1roco daquele munic\u00edpio, o Rev. Padre Rivaldo Peixoto, ex-padre de Salo\u00e1\/PE. Rivaldo passou v\u00e1rios anos em Salo\u00e1 e conquistou uma legi\u00e3o de amigos e disc\u00edpulos que acompanhavam fielmente o seu pastoreio. Pelas informa\u00e7\u00f5es levantadas a pouco, dezenas de saloaenses comparecer\u00e3o a esta solenidade cat\u00f3lica que apresentar\u00e1 oficialmente o novo padre a comunidade canhotinhense, inclusive o prefeito de Salo\u00e1, Ricardo Alves. A prefeitura de Salo\u00e1 disponibilizou quatro \u00f4nibus para levar os fi\u00e9is Cat\u00f3licos \u00e0 festa.<\/font><\/p>\n<p align=\"justify\"><font size=\"3\" face=\"Arial\">Destacamos a estadia do padre em Salo\u00e1 como uma das mais pr\u00f3speras que j\u00e1 aconteceu na igreja romana local. Com a sa\u00edda dele quem assumiu os destinos dos Cat\u00f3licos em Salo\u00e1 foi o padre Adriano que inclusive j\u00e1 vem desempenhando as fun\u00e7\u00f5es sacerdotais em sua titularidade h\u00e1 algumas semanas. Desejamos uma boa sorte ao padre Rivaldo Peixoto naquela nova localidade. Na foto acima, vemos o padre ao lado do vice-prefeito, Z\u00e9 Ant\u00f4nio e do prefeito Ricardo Alves.<\/font><\/p>\n<div style=\"margin-top: 0px; margin-bottom: 0px;\" class=\"sharethis-inline-share-buttons\" ><\/div>","protected":false},"excerpt":{"rendered":"<p>Acontecer\u00e1 daqui a poucos instantes na cidade de Canhotinho, agreste pernambucano, a posse do novo p\u00e1roco daquele munic\u00edpio, o Rev. Padre Rivaldo Peixoto, ex-padre de Salo\u00e1\/PE. Rivaldo passou v\u00e1rios anos em Salo\u00e1 e conquistou uma legi\u00e3o de amigos e disc\u00edpulos que acompanhavam fielmente o seu pastoreio. Pelas informa\u00e7\u00f5es levantadas a pouco, dezenas de saloaenses comparecer\u00e3o [&hellip;]<\/p>\n","protected":false},"author":1,"featured_media":0,"comment_status":"open","ping_status":"open","sticky":false,"template":"","format":"standard","meta":{"footnotes":""},"categories":[2],"tags":[],"class_list":["post-626","post","type-post","status-publish","format-standard","hentry","category-noticias-do-dia"],"_links":{"self":[{"href":"https:\/\/www.saloanoticias.com\/v1\/wp-json\/wp\/v2\/posts\/626","targetHints":{"allow":["GET"]}}],"collection":[{"href":"https:\/\/www.saloanoticias.com\/v1\/wp-json\/wp\/v2\/posts"}],"about":[{"href":"https:\/\/www.saloanoticias.com\/v1\/wp-json\/wp\/v2\/types\/post"}],"author":[{"embeddable":true,"href":"https:\/\/www.saloanoticias.com\/v1\/wp-json\/wp\/v2\/users\/1"}],"replies":[{"embeddable":true,"href":"https:\/\/www.saloanoticias.com\/v1\/wp-json\/wp\/v2\/comments?post=626"}],"version-history":[{"count":0,"href":"https:\/\/www.saloanoticias.com\/v1\/wp-json\/wp\/v2\/posts\/626\/revisions"}],"wp:attachment":[{"href":"https:\/\/www.saloanoticias.com\/v1\/wp-json\/wp\/v2\/media?parent=626"}],"wp:term":[{"taxonomy":"category","embeddable":true,"href":"https:\/\/www.saloanoticias.com\/v1\/wp-json\/wp\/v2\/categories?post=626"},{"taxonomy":"post_tag","embeddable":true,"href":"https:\/\/www.saloanoticias.com\/v1\/wp-json\/wp\/v2\/tags?post=626"}],"curies":[{"name":"wp","href":"https:\/\/api.w.org\/{rel}","templated":true}]}}