{"id":625,"date":"2014-02-09T14:03:00","date_gmt":"2014-02-09T14:03:00","guid":{"rendered":"https:\/\/saloanoticias.mrmediaweb.com\/v1\/2014\/02\/09\/grupo-barra-nova-recebeu-o-premio-destaque-2013\/"},"modified":"2014-02-09T14:03:00","modified_gmt":"2014-02-09T14:03:00","slug":"grupo-barra-nova-recebeu-o-premio-destaque-2013","status":"publish","type":"post","link":"https:\/\/www.saloanoticias.com\/v1\/grupo-barra-nova-recebeu-o-premio-destaque-2013\/","title":{"rendered":"GRUPO BARRA NOVA TAMB\u00c9M RECEBEU O \u201cPR\u00caMIO DESTAQUE 2013\u201d"},"content":{"rendered":"<p align=\"justify\"><font size=\"3\" face=\"Arial\"><a href=\"http:\/\/www.saloanoticias.com\/images\/grupo-barra-nova_e2097123db0fe2920ed1331a52893a07.jpg\"><img loading=\"lazy\" decoding=\"async\" title=\"Grupo Barra Nova\" style=\"border-top: 0px; border-right: 0px; background-image: none; border-bottom: 0px; float: none; padding-top: 0px; padding-left: 0px; margin: 0px auto 10px; border-left: 0px; display: block; padding-right: 0px\" border=\"0\" alt=\"Grupo Barra Nova\" src=\"http:\/\/www.saloanoticias.com\/v1\/wp-content\/uploads\/imagens\/grupo-barra-nova_thumb_0b9a99b6fa99329836d4e774ab1ae79e.jpg\" width=\"469\" height=\"467\"><\/a>O Grupo Barra Nova, empresas de muita credibilidade e respeito e, totalmente estabelecida no munic\u00edpio de Salo\u00e1\/PE, que \u00e9 dirigida pelos irm\u00e3os Cosmo Barra Nova e Andr\u00e9 Barra Nova, tamb\u00e9m foi homenageada com muito merecimento na noite dos destaques do ano de 2013 e levaram o certificado de empresa mais organizada e empreendedora no seu ramo e seguimento de neg\u00f3cio. Em todas as lojas do grupo, os clientes recebem total apoio e aten\u00e7\u00e3o na hora das compras e sempre saem com produtos de alt\u00edssima qualidade.<\/font><\/p>\n<p align=\"justify\"><a href=\"http:\/\/www.saloanoticias.com\/images\/br_2db3ff18d43dea6869ff446cdb93eebe.jpg\"><img loading=\"lazy\" decoding=\"async\" title=\"br\" style=\"border-top: 0px; border-right: 0px; background-image: none; border-bottom: 0px; float: none; padding-top: 0px; padding-left: 0px; margin-left: auto; border-left: 0px; display: block; padding-right: 0px; margin-right: auto\" border=\"0\" alt=\"br\" src=\"http:\/\/www.saloanoticias.com\/v1\/wp-content\/uploads\/imagens\/br_thumb_97f31bdf0a1bde6ab27fcbdcba0f7376.jpg\" width=\"467\" height=\"422\"><\/a><\/p>\n<p align=\"justify\"><font size=\"3\" face=\"Arial\">Os Barra Nova trabalham em fam\u00edlia nos mais variados ramos do com\u00e9rcio e t\u00eam impulsionado o setor empresarial no munic\u00edpio gerando empregos e participando ativamente do desenvolvimento direto da cidade. Dos participantes e homenageados no pr\u00eamio destaques, podemos dizer com toda certeza que esse grupo foi merecedor da indica\u00e7\u00e3o feita pela popula\u00e7\u00e3o em ser o maior e mais destacado grupo desta terra. Parab\u00e9ns aos irm\u00e3os Cosmo e Andr\u00e9 Barra Nova pela seriedade e compromisso com que tem tratado seus neg\u00f3cios.<\/font><\/p>\n<p align=\"justify\"><a href=\"http:\/\/www.saloanoticias.com\/images\/bn.jpg\"><img loading=\"lazy\" decoding=\"async\" title=\"BN\" style=\"border-top: 0px; border-right: 0px; background-image: none; border-bottom: 0px; float: none; padding-top: 0px; padding-left: 0px; margin-left: auto; border-left: 0px; display: block; padding-right: 0px; margin-right: auto\" border=\"0\" alt=\"BN\" src=\"http:\/\/www.saloanoticias.com\/v1\/wp-content\/uploads\/imagens\/bn_thumb.jpg\" width=\"470\" height=\"468\"><\/a><\/p>\n<div style=\"margin-top: 0px; margin-bottom: 0px;\" class=\"sharethis-inline-share-buttons\" ><\/div>","protected":false},"excerpt":{"rendered":"<p>O Grupo Barra Nova, empresas de muita credibilidade e respeito e, totalmente estabelecida no munic\u00edpio de Salo\u00e1\/PE, que \u00e9 dirigida pelos irm\u00e3os Cosmo Barra Nova e Andr\u00e9 Barra Nova, tamb\u00e9m foi homenageada com muito merecimento na noite dos destaques do ano de 2013 e levaram o certificado de empresa mais organizada e empreendedora no seu [&hellip;]<\/p>\n","protected":false},"author":1,"featured_media":0,"comment_status":"open","ping_status":"open","sticky":false,"template":"","format":"standard","meta":{"footnotes":""},"categories":[2],"tags":[],"class_list":["post-625","post","type-post","status-publish","format-standard","hentry","category-noticias-do-dia"],"_links":{"self":[{"href":"https:\/\/www.saloanoticias.com\/v1\/wp-json\/wp\/v2\/posts\/625","targetHints":{"allow":["GET"]}}],"collection":[{"href":"https:\/\/www.saloanoticias.com\/v1\/wp-json\/wp\/v2\/posts"}],"about":[{"href":"https:\/\/www.saloanoticias.com\/v1\/wp-json\/wp\/v2\/types\/post"}],"author":[{"embeddable":true,"href":"https:\/\/www.saloanoticias.com\/v1\/wp-json\/wp\/v2\/users\/1"}],"replies":[{"embeddable":true,"href":"https:\/\/www.saloanoticias.com\/v1\/wp-json\/wp\/v2\/comments?post=625"}],"version-history":[{"count":0,"href":"https:\/\/www.saloanoticias.com\/v1\/wp-json\/wp\/v2\/posts\/625\/revisions"}],"wp:attachment":[{"href":"https:\/\/www.saloanoticias.com\/v1\/wp-json\/wp\/v2\/media?parent=625"}],"wp:term":[{"taxonomy":"category","embeddable":true,"href":"https:\/\/www.saloanoticias.com\/v1\/wp-json\/wp\/v2\/categories?post=625"},{"taxonomy":"post_tag","embeddable":true,"href":"https:\/\/www.saloanoticias.com\/v1\/wp-json\/wp\/v2\/tags?post=625"}],"curies":[{"name":"wp","href":"https:\/\/api.w.org\/{rel}","templated":true}]}}