{"id":624,"date":"2014-02-08T13:27:55","date_gmt":"2014-02-08T13:27:55","guid":{"rendered":"https:\/\/saloanoticias.mrmediaweb.com\/v1\/2014\/02\/08\/cruzada-evangelistica-acontece-neste-sabado\/"},"modified":"2014-02-08T13:27:55","modified_gmt":"2014-02-08T13:27:55","slug":"cruzada-evangelistica-acontece-neste-sabado","status":"publish","type":"post","link":"https:\/\/www.saloanoticias.com\/v1\/cruzada-evangelistica-acontece-neste-sabado\/","title":{"rendered":"CRUZADA EVANGEL\u00cdSTICA ACONTECE NESTE S\u00c1BADO"},"content":{"rendered":"<p align=\"justify\"><font size=\"3\" face=\"Arial\"><a href=\"http:\/\/www.saloanoticias.com\/images\/cruzada.jpg2.jpg\"><img loading=\"lazy\" decoding=\"async\" title=\"Cruzada.jpg2\" style=\"border-top: 0px; border-right: 0px; background-image: none; border-bottom: 0px; float: none; padding-top: 0px; padding-left: 0px; margin: 0px auto 10px; border-left: 0px; display: block; padding-right: 0px\" border=\"0\" alt=\"Cruzada.jpg2\" src=\"http:\/\/www.saloanoticias.com\/v1\/wp-content\/uploads\/imagens\/cruzada.jpg2_thumb.jpg\" width=\"553\" height=\"415\"><\/a>Acontece logo mais \u00e0 noite na Pra\u00e7a Agamenom Magalh\u00e3es a grande <strong>\u201cCRUZADA EVANGEL\u00cdSTICA CRISTO VIVE\u201d<\/strong> que \u00e9 promovida pela Igreja Evang\u00e9lica Assembleia de Deus Madureira Minist\u00e9rio do Campo da Bahia que tem como dirigente a irm\u00e3 Rosenilda, mais conhecida por Irm\u00e3 Rosa. O evento ser\u00e1 realizado a partir das 19:00 horas deste s\u00e1bado, 08 de fevereiro de 2014, e contar\u00e1 com a presen\u00e7a dos cantores Wellington e Rafael, Ysnaldo Alves e de Fernanda Ramos. A palavra de Deus ser\u00e1 ministrada pelo pregador Enoque Rodrigues.<\/font><\/p>\n<p align=\"justify\"><a href=\"http:\/\/www.saloanoticias.com\/images\/cruzada_c22f90ad4cc06d720e5f5a04ceb13ca8.jpg\"><img loading=\"lazy\" decoding=\"async\" title=\"Cruzada\" style=\"border-top: 0px; border-right: 0px; background-image: none; border-bottom: 0px; float: none; padding-top: 0px; padding-left: 0px; margin: 10px auto; border-left: 0px; display: block; padding-right: 0px\" border=\"0\" alt=\"Cruzada\" src=\"http:\/\/www.saloanoticias.com\/v1\/wp-content\/uploads\/imagens\/cruzada_thumb_b8ee7d8cccc3304c4565e9e4f6930e55.jpg\" width=\"548\" height=\"564\"><\/a><\/p>\n<p align=\"justify\"><font size=\"3\" face=\"Arial\">A cruzada evangel\u00edstica tem a coordena\u00e7\u00e3o do irm\u00e3o Ailton Lima e tem o apoio da prefeitura municipal. Avivamento, esse \u00e9 o nosso clamor ! Ore, divulgue e participe desta grande festa do povo de Deus na cidade de Salo\u00e1\/PE. Convide um amigo !<\/font><\/p>\n<div style=\"margin-top: 0px; margin-bottom: 0px;\" class=\"sharethis-inline-share-buttons\" ><\/div>","protected":false},"excerpt":{"rendered":"<p>Acontece logo mais \u00e0 noite na Pra\u00e7a Agamenom Magalh\u00e3es a grande \u201cCRUZADA EVANGEL\u00cdSTICA CRISTO VIVE\u201d que \u00e9 promovida pela Igreja Evang\u00e9lica Assembleia de Deus Madureira Minist\u00e9rio do Campo da Bahia que tem como dirigente a irm\u00e3 Rosenilda, mais conhecida por Irm\u00e3 Rosa. O evento ser\u00e1 realizado a partir das 19:00 horas deste s\u00e1bado, 08 de [&hellip;]<\/p>\n","protected":false},"author":1,"featured_media":0,"comment_status":"open","ping_status":"open","sticky":false,"template":"","format":"standard","meta":{"footnotes":""},"categories":[2],"tags":[],"class_list":["post-624","post","type-post","status-publish","format-standard","hentry","category-noticias-do-dia"],"_links":{"self":[{"href":"https:\/\/www.saloanoticias.com\/v1\/wp-json\/wp\/v2\/posts\/624","targetHints":{"allow":["GET"]}}],"collection":[{"href":"https:\/\/www.saloanoticias.com\/v1\/wp-json\/wp\/v2\/posts"}],"about":[{"href":"https:\/\/www.saloanoticias.com\/v1\/wp-json\/wp\/v2\/types\/post"}],"author":[{"embeddable":true,"href":"https:\/\/www.saloanoticias.com\/v1\/wp-json\/wp\/v2\/users\/1"}],"replies":[{"embeddable":true,"href":"https:\/\/www.saloanoticias.com\/v1\/wp-json\/wp\/v2\/comments?post=624"}],"version-history":[{"count":0,"href":"https:\/\/www.saloanoticias.com\/v1\/wp-json\/wp\/v2\/posts\/624\/revisions"}],"wp:attachment":[{"href":"https:\/\/www.saloanoticias.com\/v1\/wp-json\/wp\/v2\/media?parent=624"}],"wp:term":[{"taxonomy":"category","embeddable":true,"href":"https:\/\/www.saloanoticias.com\/v1\/wp-json\/wp\/v2\/categories?post=624"},{"taxonomy":"post_tag","embeddable":true,"href":"https:\/\/www.saloanoticias.com\/v1\/wp-json\/wp\/v2\/tags?post=624"}],"curies":[{"name":"wp","href":"https:\/\/api.w.org\/{rel}","templated":true}]}}