{"id":623,"date":"2014-02-08T02:36:48","date_gmt":"2014-02-08T02:36:48","guid":{"rendered":"https:\/\/saloanoticias.mrmediaweb.com\/v1\/2014\/02\/08\/filho-de-saloaenses-e-fera-em-varios-vestibulares-da-regiao\/"},"modified":"2014-02-08T02:36:48","modified_gmt":"2014-02-08T02:36:48","slug":"filho-de-saloaenses-e-fera-em-varios-vestibulares-da-regiao","status":"publish","type":"post","link":"https:\/\/www.saloanoticias.com\/v1\/filho-de-saloaenses-e-fera-em-varios-vestibulares-da-regiao\/","title":{"rendered":"FILHO DE SALOAENSES \u00c9 APROVADO EM V\u00c1RIOS VESTIBULARES DA REGI\u00c3O"},"content":{"rendered":"<p align=\"justify\"><font size=\"3\" face=\"Arial\"><a href=\"http:\/\/www.saloanoticias.com\/images\/fernando-nio6.jpg\"><img loading=\"lazy\" decoding=\"async\" title=\"Fernando &Ecirc;nio\" style=\"border-top: 0px; border-right: 0px; background-image: none; border-bottom: 0px; float: none; padding-top: 0px; padding-left: 0px; margin: 0px auto 10px; border-left: 0px; display: block; padding-right: 0px\" border=\"0\" alt=\"Fernando &Ecirc;nio\" src=\"http:\/\/www.saloanoticias.com\/v1\/wp-content\/uploads\/imagens\/fernando-nio6_thumb.jpg\" width=\"484\" height=\"486\"><\/a>O jovem <strong>Fernando Enio de Albuquerque Costa<\/strong>, filho do sargento PM Fernando (mais conhecido na cidade por Z\u00e9 \u00canio), e de Maris\u00f4nia Gomes, ambos naturais da cidade de Salo\u00e1\/PE e, sobrinho da ex-secret\u00e1ria de educa\u00e7\u00e3o de Salo\u00e1\/PE, \u00cania de Ara\u00fajo Costa, foi destaque na \u00faltima semana depois de ser aprovado em tr\u00eas dos mais concorridos vestibulares da nossa regi\u00e3o. O fera foi aprovado no vestibular da FAVIP (Faculdade do Vale do Ipojuca) no curso de jornalismo ficando em s\u00e9timo lugar na classifica\u00e7\u00e3o final da primeira entrada, foi classificado no ENEM e ainda foi aprovado no vestibular da FAGA em Garanhuns.<\/font><\/p>\n<p align=\"justify\"><a href=\"http:\/\/www.saloanoticias.com\/images\/fernando-enio.jpg\"><img loading=\"lazy\" decoding=\"async\" title=\"FERNANDO ENIO.\" style=\"border-left-width: 0px; border-right-width: 0px; background-image: none; border-bottom-width: 0px; float: none; padding-top: 0px; padding-left: 0px; margin: 10px auto; display: block; padding-right: 0px; border-top-width: 0px\" border=\"0\" alt=\"FERNANDO ENIO.\" src=\"http:\/\/www.saloanoticias.com\/v1\/wp-content\/uploads\/imagens\/fernando-enio._thumb.jpg\" width=\"489\" height=\"310\"><\/a><\/p>\n<p align=\"justify\"><font size=\"3\" face=\"Arial\">Vemos que este jovem, se desejar, vai trilhar no caminho do jornalismo, curso este bastante importante na atualidade e que n\u00f3s aqui do Blog Salo\u00e1 Not\u00edcias, temos o maior prazer em fazer e levar as principais informa\u00e7\u00f5es para toda a nossa popula\u00e7\u00e3o. Desde j\u00e1 queremos parabenizar Fernando \u00canio pela sua garra e determina\u00e7\u00e3o e que o mesmo possa trilhar pelo caminho dos estudos e que se torne um grande profissional.<\/font><\/p>\n<div style=\"margin-top: 0px; margin-bottom: 0px;\" class=\"sharethis-inline-share-buttons\" ><\/div>","protected":false},"excerpt":{"rendered":"<p>O jovem Fernando Enio de Albuquerque Costa, filho do sargento PM Fernando (mais conhecido na cidade por Z\u00e9 \u00canio), e de Maris\u00f4nia Gomes, ambos naturais da cidade de Salo\u00e1\/PE e, sobrinho da ex-secret\u00e1ria de educa\u00e7\u00e3o de Salo\u00e1\/PE, \u00cania de Ara\u00fajo Costa, foi destaque na \u00faltima semana depois de ser aprovado em tr\u00eas dos mais concorridos [&hellip;]<\/p>\n","protected":false},"author":1,"featured_media":0,"comment_status":"open","ping_status":"open","sticky":false,"template":"","format":"standard","meta":{"footnotes":""},"categories":[2],"tags":[],"class_list":["post-623","post","type-post","status-publish","format-standard","hentry","category-noticias-do-dia"],"_links":{"self":[{"href":"https:\/\/www.saloanoticias.com\/v1\/wp-json\/wp\/v2\/posts\/623","targetHints":{"allow":["GET"]}}],"collection":[{"href":"https:\/\/www.saloanoticias.com\/v1\/wp-json\/wp\/v2\/posts"}],"about":[{"href":"https:\/\/www.saloanoticias.com\/v1\/wp-json\/wp\/v2\/types\/post"}],"author":[{"embeddable":true,"href":"https:\/\/www.saloanoticias.com\/v1\/wp-json\/wp\/v2\/users\/1"}],"replies":[{"embeddable":true,"href":"https:\/\/www.saloanoticias.com\/v1\/wp-json\/wp\/v2\/comments?post=623"}],"version-history":[{"count":0,"href":"https:\/\/www.saloanoticias.com\/v1\/wp-json\/wp\/v2\/posts\/623\/revisions"}],"wp:attachment":[{"href":"https:\/\/www.saloanoticias.com\/v1\/wp-json\/wp\/v2\/media?parent=623"}],"wp:term":[{"taxonomy":"category","embeddable":true,"href":"https:\/\/www.saloanoticias.com\/v1\/wp-json\/wp\/v2\/categories?post=623"},{"taxonomy":"post_tag","embeddable":true,"href":"https:\/\/www.saloanoticias.com\/v1\/wp-json\/wp\/v2\/tags?post=623"}],"curies":[{"name":"wp","href":"https:\/\/api.w.org\/{rel}","templated":true}]}}