{"id":622,"date":"2014-02-07T23:47:16","date_gmt":"2014-02-07T23:47:16","guid":{"rendered":"https:\/\/saloanoticias.mrmediaweb.com\/v1\/2014\/02\/07\/capacitacao-marca-a-volta-as-aulas-em-saloa-pe\/"},"modified":"2014-02-07T23:47:16","modified_gmt":"2014-02-07T23:47:16","slug":"capacitacao-marca-a-volta-as-aulas-em-saloa-pe","status":"publish","type":"post","link":"https:\/\/www.saloanoticias.com\/v1\/capacitacao-marca-a-volta-as-aulas-em-saloa-pe\/","title":{"rendered":"CAPACITA\u00c7\u00c3O MARCA A VOLTA \u00c0S AULAS EM SALO\u00c1\/PE"},"content":{"rendered":"<p align=\"justify\"><font size=\"3\" face=\"Arial\"><a href=\"http:\/\/www.saloanoticias.com\/images\/capacitao-dos-professores-01_4b3e86267313cc27638b7090cd8d709c.jpg\"><img loading=\"lazy\" decoding=\"async\" title=\"CAPACITA&Ccedil;&Atilde;O DOS PROFESSORES 01\" style=\"border-top: 0px; border-right: 0px; background-image: none; border-bottom: 0px; float: none; padding-top: 0px; padding-left: 0px; margin: 0px auto 10px; border-left: 0px; display: block; padding-right: 0px\" border=\"0\" alt=\"CAPACITA&Ccedil;&Atilde;O DOS PROFESSORES 01\" src=\"http:\/\/www.saloanoticias.com\/v1\/wp-content\/uploads\/imagens\/capacitao-dos-professores-01_thumb_733e806944fb7f3131a83433f4803aa3.jpg\" width=\"549\" height=\"368\"><\/a>A Prefeitura de Salo\u00e1 atrav\u00e9s da Secretaria de Educa\u00e7\u00e3o promoveu nesta sexta feira (07\/02), capacita\u00e7\u00e3o para os professores da rede municipal. O evento, que marcou a abertura do ano letivo, ocorreu no col\u00e9gio S\u00e3o Vicente, situado \u00e0 Avenida Get\u00falio Vargas, s\/n &#8211; bairro centro. Durante a abertura, o prefeito Ricardo Alves (PMDB) parabenizou os professores pela dedica\u00e7\u00e3o e firmou seu compromisso com uma educa\u00e7\u00e3o de qualidade e valoriza\u00e7\u00e3o dos profissionais. A secret\u00e1ria de Educa\u00e7\u00e3o formatou uma capacita\u00e7\u00e3o compacta, contudo bastante rica, considerando aspectos importantes do ensino infantil e fundamental.<\/font> <\/p>\n<p align=\"justify\"><font size=\"3\" face=\"Arial\">&#8220;N\u00f3s t\u00ednhamos planejado no m\u00ednimo dois dias para capacita\u00e7\u00e3o, mas considerando essa fase de transi\u00e7\u00e3o em que todos aguardam a realiza\u00e7\u00e3o do concurso p\u00fablico, decidimos por fazer apenas em um dia. Contudo trouxemos temas de grande relev\u00e2ncia para n\u00f3s professores&#8221;. Destacou a Secret\u00e1ria de Educa\u00e7\u00e3o, Josevalda Cavalcante. <\/font><font size=\"3\" face=\"Arial\">A programa\u00e7\u00e3o contou com tr\u00eas palestrantes. As 10h a fonoaudi\u00f3loga Maria Marcelane Souza Almeida, que atende no hospital municipal, realizou uma palestra sobre &#8220;Altera\u00e7\u00f5es na fala e na linguagem ocorridas das crian\u00e7as&#8221;.<\/font> <\/p>\n<p align=\"justify\"><font size=\"3\" face=\"Arial\">O tema trouxe \u00e0 tona, as varia\u00e7\u00f5es da fala a partir de uma vis\u00e3o t\u00e9cnica e que precisam ser observadas pelos professores. Segundo a fonoaudi\u00f3loga s\u00e3o problemas relativos \u00e0 forma\u00e7\u00e3o da voz humana e que acontecem comumente, principalmente nos anos iniciais de aprendizagem. Um problema que podem ser corrigidos a partir de um tratamento. <\/font><font size=\"3\" face=\"Arial\">\u00c0 tarde aconteceu 2 palestras. A primeira, \u00e0s 14h com o tema &#8220;Autismo&#8221;, com Renata Amorim, da ONG Borboletas Azuis; e a segunda com o tema &#8220;Educa\u00e7\u00e3o para a alma&#8221;, com o Professor Doutor Luciano Lins. As aulas da rede p\u00fablica municipal de Salo\u00e1 t\u00eam in\u00edcio na pr\u00f3xima segunda feira, dia 10 de fevereiro.<\/font> <\/p>\n<p align=\"justify\"><font size=\"3\" face=\"Arial\"><strong>Fonte&nbsp; &#8211;&nbsp; ASCOM\/Prefeitura de Salo\u00e1 (Texto Jornalista Geraldo Mouret)<\/strong><\/font><\/p>\n<div style=\"margin-top: 0px; margin-bottom: 0px;\" class=\"sharethis-inline-share-buttons\" ><\/div>","protected":false},"excerpt":{"rendered":"<p>A Prefeitura de Salo\u00e1 atrav\u00e9s da Secretaria de Educa\u00e7\u00e3o promoveu nesta sexta feira (07\/02), capacita\u00e7\u00e3o para os professores da rede municipal. O evento, que marcou a abertura do ano letivo, ocorreu no col\u00e9gio S\u00e3o Vicente, situado \u00e0 Avenida Get\u00falio Vargas, s\/n &#8211; bairro centro. Durante a abertura, o prefeito Ricardo Alves (PMDB) parabenizou os professores [&hellip;]<\/p>\n","protected":false},"author":1,"featured_media":0,"comment_status":"open","ping_status":"open","sticky":false,"template":"","format":"standard","meta":{"footnotes":""},"categories":[2],"tags":[],"class_list":["post-622","post","type-post","status-publish","format-standard","hentry","category-noticias-do-dia"],"_links":{"self":[{"href":"https:\/\/www.saloanoticias.com\/v1\/wp-json\/wp\/v2\/posts\/622","targetHints":{"allow":["GET"]}}],"collection":[{"href":"https:\/\/www.saloanoticias.com\/v1\/wp-json\/wp\/v2\/posts"}],"about":[{"href":"https:\/\/www.saloanoticias.com\/v1\/wp-json\/wp\/v2\/types\/post"}],"author":[{"embeddable":true,"href":"https:\/\/www.saloanoticias.com\/v1\/wp-json\/wp\/v2\/users\/1"}],"replies":[{"embeddable":true,"href":"https:\/\/www.saloanoticias.com\/v1\/wp-json\/wp\/v2\/comments?post=622"}],"version-history":[{"count":0,"href":"https:\/\/www.saloanoticias.com\/v1\/wp-json\/wp\/v2\/posts\/622\/revisions"}],"wp:attachment":[{"href":"https:\/\/www.saloanoticias.com\/v1\/wp-json\/wp\/v2\/media?parent=622"}],"wp:term":[{"taxonomy":"category","embeddable":true,"href":"https:\/\/www.saloanoticias.com\/v1\/wp-json\/wp\/v2\/categories?post=622"},{"taxonomy":"post_tag","embeddable":true,"href":"https:\/\/www.saloanoticias.com\/v1\/wp-json\/wp\/v2\/tags?post=622"}],"curies":[{"name":"wp","href":"https:\/\/api.w.org\/{rel}","templated":true}]}}