{"id":620,"date":"2014-02-07T16:50:00","date_gmt":"2014-02-07T16:50:00","guid":{"rendered":"https:\/\/saloanoticias.mrmediaweb.com\/v1\/2014\/02\/07\/vereador-de-caruaru-aparece-pelado-na-internet\/"},"modified":"2014-02-07T16:50:00","modified_gmt":"2014-02-07T16:50:00","slug":"vereador-de-caruaru-aparece-pelado-na-internet","status":"publish","type":"post","link":"https:\/\/www.saloanoticias.com\/v1\/vereador-de-caruaru-aparece-pelado-na-internet\/","title":{"rendered":"VEREADOR DE CARUARU APARECE QUASE PELADO NA INTERNET"},"content":{"rendered":"<p align=\"justify\"><font size=\"3\" face=\"Arial\"><a href=\"http:\/\/www.saloanoticias.com\/images\/vereador-jaj.jpg\"><img loading=\"lazy\" decoding=\"async\" title=\"Vereador Jaj&aacute;\" style=\"border-left-width: 0px; border-right-width: 0px; background-image: none; border-bottom-width: 0px; float: left; padding-top: 0px; padding-left: 0px; margin: 5px 5px 0px 0px; display: inline; padding-right: 0px; border-top-width: 0px\" border=\"0\" alt=\"Vereador Jaj&aacute;\" src=\"http:\/\/www.saloanoticias.com\/v1\/wp-content\/uploads\/imagens\/vereador-jaj_thumb.jpg\" width=\"206\" align=\"left\" height=\"301\"><\/a>Um dos dez vereadores presos na Opera\u00e7\u00e3o Ponto Final 1, da Pol\u00edcia Civil, que investigou a cobran\u00e7a de propina para aprova\u00e7\u00e3o de projetos do Poder Executivo pela C\u00e2mara de Caruaru, o vereador Jaj\u00e1 (sem partido), apesar de estar afastado de suas fun\u00e7\u00f5es legislativas, n\u00e3o deixa de ser not\u00edcia dentro dos corredores da Casa Jornalista Jos\u00e9 Carlos Flor\u00eancio. Isso porque circula nas redes sociais uma foto do pol\u00eamico parlamentar sem roupa, exibindo uma tatuagem nas n\u00e1degas.<\/font><\/p>\n<p align=\"justify\"><font size=\"3\" face=\"Arial\">A suspeita \u00e9 de que o vereador tenha utilizado um smartphone cedido pelo Poder Legislativo aos parlamentares caruaruenses para registrar a imagem onde aparece seminu.<\/font><\/p>\n<p align=\"justify\"><font size=\"3\" face=\"Arial\"><strong>Fonte&nbsp; &#8211;&nbsp; Blog do Magno Martins<\/strong><\/font><\/p>\n<div style=\"margin-top: 0px; margin-bottom: 0px;\" class=\"sharethis-inline-share-buttons\" ><\/div>","protected":false},"excerpt":{"rendered":"<p>Um dos dez vereadores presos na Opera\u00e7\u00e3o Ponto Final 1, da Pol\u00edcia Civil, que investigou a cobran\u00e7a de propina para aprova\u00e7\u00e3o de projetos do Poder Executivo pela C\u00e2mara de Caruaru, o vereador Jaj\u00e1 (sem partido), apesar de estar afastado de suas fun\u00e7\u00f5es legislativas, n\u00e3o deixa de ser not\u00edcia dentro dos corredores da Casa Jornalista Jos\u00e9 [&hellip;]<\/p>\n","protected":false},"author":1,"featured_media":0,"comment_status":"open","ping_status":"open","sticky":false,"template":"","format":"standard","meta":{"footnotes":""},"categories":[2],"tags":[],"class_list":["post-620","post","type-post","status-publish","format-standard","hentry","category-noticias-do-dia"],"_links":{"self":[{"href":"https:\/\/www.saloanoticias.com\/v1\/wp-json\/wp\/v2\/posts\/620","targetHints":{"allow":["GET"]}}],"collection":[{"href":"https:\/\/www.saloanoticias.com\/v1\/wp-json\/wp\/v2\/posts"}],"about":[{"href":"https:\/\/www.saloanoticias.com\/v1\/wp-json\/wp\/v2\/types\/post"}],"author":[{"embeddable":true,"href":"https:\/\/www.saloanoticias.com\/v1\/wp-json\/wp\/v2\/users\/1"}],"replies":[{"embeddable":true,"href":"https:\/\/www.saloanoticias.com\/v1\/wp-json\/wp\/v2\/comments?post=620"}],"version-history":[{"count":0,"href":"https:\/\/www.saloanoticias.com\/v1\/wp-json\/wp\/v2\/posts\/620\/revisions"}],"wp:attachment":[{"href":"https:\/\/www.saloanoticias.com\/v1\/wp-json\/wp\/v2\/media?parent=620"}],"wp:term":[{"taxonomy":"category","embeddable":true,"href":"https:\/\/www.saloanoticias.com\/v1\/wp-json\/wp\/v2\/categories?post=620"},{"taxonomy":"post_tag","embeddable":true,"href":"https:\/\/www.saloanoticias.com\/v1\/wp-json\/wp\/v2\/tags?post=620"}],"curies":[{"name":"wp","href":"https:\/\/api.w.org\/{rel}","templated":true}]}}