{"id":608,"date":"2014-02-04T00:00:43","date_gmt":"2014-02-04T00:00:43","guid":{"rendered":"https:\/\/saloanoticias.mrmediaweb.com\/v1\/2014\/02\/04\/lula-e-pedro-claudino-recebem-premio-destaque-2013-no-ramo-de-combustiveis\/"},"modified":"2014-02-04T00:00:43","modified_gmt":"2014-02-04T00:00:43","slug":"lula-e-pedro-claudino-recebem-premio-destaque-2013-no-ramo-de-combustiveis","status":"publish","type":"post","link":"https:\/\/www.saloanoticias.com\/v1\/lula-e-pedro-claudino-recebem-premio-destaque-2013-no-ramo-de-combustiveis\/","title":{"rendered":"LULA E PEDRO CLAUDINO RECEBEM \u201cPR\u00caMIO DESTAQUE 2013\u201d EM SALO\u00c1"},"content":{"rendered":"<p align=\"justify\"><font size=\"3\" face=\"Arial\"><a href=\"http:\/\/www.saloanoticias.com\/images\/lula-do-posto_aeb025b7826881ef818a13be7693ff0c.jpg\"><img loading=\"lazy\" decoding=\"async\" title=\"Lula do Posto\" style=\"border-top: 0px; border-right: 0px; background-image: none; border-bottom: 0px; float: none; padding-top: 0px; padding-left: 0px; margin: 0px auto 10px; border-left: 0px; display: block; padding-right: 0px\" border=\"0\" alt=\"Lula do Posto\" src=\"http:\/\/www.saloanoticias.com\/v1\/wp-content\/uploads\/imagens\/lula-do-posto_thumb_03144284f525f9b4af71dc3add23b030.jpg\" width=\"596\" height=\"395\"><\/a>Os empres\u00e1rios do ramo de posto de combust\u00edveis Luiz Claudino (Lula do Posto) e Pedro Claudino, pai e filho, tamb\u00e9m receberam o <strong>\u201cPr\u00eamio Destaque 2013\u201d <\/strong>por terem desempenhado um brilhante trabalho no ano passado neste tipo de empreendimento. Os empres\u00e1rios receberem o reconhecimento da popula\u00e7\u00e3o saloaense e foram homenageados na noite da \u00faltima sexta-feira (30) na quadra poliesportiva do col\u00e9gio S\u00e3o Vicente em Salo\u00e1\/PE. O pr\u00eamio foi entregue pelo tamb\u00e9m empres\u00e1rio Luciano Brito e pela esposa do comerciante Andr\u00e9 Barra Nova, Sra. Leidijane.<\/font><\/p>\n<p align=\"justify\"><a href=\"http:\/\/www.saloanoticias.com\/images\/pedro-claudino.jpg\"><img loading=\"lazy\" decoding=\"async\" title=\"Pedro Claudino\" style=\"border-top: 0px; border-right: 0px; background-image: none; border-bottom: 0px; float: none; padding-top: 0px; padding-left: 0px; margin: 10px auto; border-left: 0px; display: block; padding-right: 0px\" border=\"0\" alt=\"Pedro Claudino\" src=\"http:\/\/www.saloanoticias.com\/v1\/wp-content\/uploads\/imagens\/pedro-claudino_thumb.jpg\" width=\"593\" height=\"393\"><\/a><\/p>\n<p align=\"justify\"><font size=\"3\" face=\"Arial\">Lula e Pedro s\u00e3o propriet\u00e1rios do Posto Salo\u00e1 Combust\u00edveis e Lubrificantes e do Supermercado Econ\u00f4mico, ambas as empresas localizadas na cidade de Salo\u00e1\/PE e que sempre oferecem os melhores pre\u00e7os e servi\u00e7os da regi\u00e3o no seu ramo de com\u00e9rcio. Parab\u00e9ns aos homenageados pelo reconhecimento da popula\u00e7\u00e3o.<\/font><\/p>\n<div style=\"margin-top: 0px; margin-bottom: 0px;\" class=\"sharethis-inline-share-buttons\" ><\/div>","protected":false},"excerpt":{"rendered":"<p>Os empres\u00e1rios do ramo de posto de combust\u00edveis Luiz Claudino (Lula do Posto) e Pedro Claudino, pai e filho, tamb\u00e9m receberam o \u201cPr\u00eamio Destaque 2013\u201d por terem desempenhado um brilhante trabalho no ano passado neste tipo de empreendimento. Os empres\u00e1rios receberem o reconhecimento da popula\u00e7\u00e3o saloaense e foram homenageados na noite da \u00faltima sexta-feira (30) [&hellip;]<\/p>\n","protected":false},"author":1,"featured_media":0,"comment_status":"open","ping_status":"open","sticky":false,"template":"","format":"standard","meta":{"footnotes":""},"categories":[2],"tags":[],"class_list":["post-608","post","type-post","status-publish","format-standard","hentry","category-noticias-do-dia"],"_links":{"self":[{"href":"https:\/\/www.saloanoticias.com\/v1\/wp-json\/wp\/v2\/posts\/608","targetHints":{"allow":["GET"]}}],"collection":[{"href":"https:\/\/www.saloanoticias.com\/v1\/wp-json\/wp\/v2\/posts"}],"about":[{"href":"https:\/\/www.saloanoticias.com\/v1\/wp-json\/wp\/v2\/types\/post"}],"author":[{"embeddable":true,"href":"https:\/\/www.saloanoticias.com\/v1\/wp-json\/wp\/v2\/users\/1"}],"replies":[{"embeddable":true,"href":"https:\/\/www.saloanoticias.com\/v1\/wp-json\/wp\/v2\/comments?post=608"}],"version-history":[{"count":0,"href":"https:\/\/www.saloanoticias.com\/v1\/wp-json\/wp\/v2\/posts\/608\/revisions"}],"wp:attachment":[{"href":"https:\/\/www.saloanoticias.com\/v1\/wp-json\/wp\/v2\/media?parent=608"}],"wp:term":[{"taxonomy":"category","embeddable":true,"href":"https:\/\/www.saloanoticias.com\/v1\/wp-json\/wp\/v2\/categories?post=608"},{"taxonomy":"post_tag","embeddable":true,"href":"https:\/\/www.saloanoticias.com\/v1\/wp-json\/wp\/v2\/tags?post=608"}],"curies":[{"name":"wp","href":"https:\/\/api.w.org\/{rel}","templated":true}]}}