{"id":607,"date":"2014-02-03T22:27:38","date_gmt":"2014-02-03T22:27:38","guid":{"rendered":"https:\/\/saloanoticias.mrmediaweb.com\/v1\/2014\/02\/03\/camara-de-paranatama-podera-votar-materia-polemica-nesta-terca-4\/"},"modified":"2014-02-03T22:27:38","modified_gmt":"2014-02-03T22:27:38","slug":"camara-de-paranatama-podera-votar-materia-polemica-nesta-terca-4","status":"publish","type":"post","link":"https:\/\/www.saloanoticias.com\/v1\/camara-de-paranatama-podera-votar-materia-polemica-nesta-terca-4\/","title":{"rendered":"C\u00c2MARA DE PARANATAMA PODER\u00c1 VOTAR PROJETO POL\u00caMICO NESTA TER\u00c7A (4)"},"content":{"rendered":"<p align=\"justify\"><font size=\"3\" face=\"Arial\"><a href=\"http:\/\/www.saloanoticias.com\/images\/z-teixeira_7d0fb21b9a7f08422cb2e9a88e16cdc3.jpg\"><img loading=\"lazy\" decoding=\"async\" title=\"Z&eacute; Teixeira\" style=\"border-top: 0px; border-right: 0px; background-image: none; border-bottom: 0px; float: left; padding-top: 0px; padding-left: 0px; margin: 5px 5px 0px 0px; border-left: 0px; display: inline; padding-right: 0px\" border=\"0\" alt=\"Z&eacute; Teixeira\" src=\"http:\/\/www.saloanoticias.com\/v1\/wp-content\/uploads\/imagens\/z-teixeira_thumb_5be175ef4ac5266caf4056940b2c8e19.jpg\" width=\"288\" align=\"left\" height=\"216\"><\/a>Recebemos um e-mail na manh\u00e3 desta segunda-feira (3)&nbsp; de uma leitora do blog residente na cidade de Paranatama\/PE e, neste ela fala sobre um projeto de lei bastante pol\u00eamico que poder\u00e1 ser votado na c\u00e2mara dos vereadores na manh\u00e3 desta ter\u00e7a-feira, 4 de fevereiro. N\u00e3o temos certeza de que este projeto est\u00e1 realmente em tramita\u00e7\u00e3o naquela casa de leis, mas, mesmo assim resolvemos publicar a mat\u00e9ria que foi escrita por esta leitora que pediu sigilo sobre a sua identidade. De qualquer forma abrimos o espe\u00e7o deste blog para que a mesa diretora daquela egr\u00e9gia casa legislativa se pronuncie sobre o assunto ou at\u00e9 mesmo a assessoria de comunica\u00e7\u00e3o da prefeitura de Paranatama\/PE.<\/font><\/p>\n<p align=\"justify\"><font size=\"3\" face=\"Arial\">Vejamos o texto da internauta: <em>\u201cBom dia ! Queria vos pedir para divulgar um boato que esta correndo aqui em Paranatama\/PE e, eu como funcion\u00e1ria da prefeitura e contra o prefeito n\u00e3o posso divulgar, pois, seria perseguida no meu trabalho. Est\u00e3o dizendo que amanh\u00e3, dia 04, vai haver uma vota\u00e7\u00e3o na c\u00e2mara de vereadores pra aumentar a nossa carga hor\u00e1ria de 6hs pra 8hs, inclusive, aumentar a carga tamb\u00e9m dos professores do munic\u00edpio. Por favor se puder divulguem, pois, o povo de Paranatama est\u00e1 desinformado desses fatos&#8230;. \u201d<\/em><\/font><\/p>\n<div style=\"margin-top: 0px; margin-bottom: 0px;\" class=\"sharethis-inline-share-buttons\" ><\/div>","protected":false},"excerpt":{"rendered":"<p>Recebemos um e-mail na manh\u00e3 desta segunda-feira (3)&nbsp; de uma leitora do blog residente na cidade de Paranatama\/PE e, neste ela fala sobre um projeto de lei bastante pol\u00eamico que poder\u00e1 ser votado na c\u00e2mara dos vereadores na manh\u00e3 desta ter\u00e7a-feira, 4 de fevereiro. N\u00e3o temos certeza de que este projeto est\u00e1 realmente em tramita\u00e7\u00e3o [&hellip;]<\/p>\n","protected":false},"author":1,"featured_media":0,"comment_status":"open","ping_status":"open","sticky":false,"template":"","format":"standard","meta":{"footnotes":""},"categories":[2],"tags":[],"class_list":["post-607","post","type-post","status-publish","format-standard","hentry","category-noticias-do-dia"],"_links":{"self":[{"href":"https:\/\/www.saloanoticias.com\/v1\/wp-json\/wp\/v2\/posts\/607","targetHints":{"allow":["GET"]}}],"collection":[{"href":"https:\/\/www.saloanoticias.com\/v1\/wp-json\/wp\/v2\/posts"}],"about":[{"href":"https:\/\/www.saloanoticias.com\/v1\/wp-json\/wp\/v2\/types\/post"}],"author":[{"embeddable":true,"href":"https:\/\/www.saloanoticias.com\/v1\/wp-json\/wp\/v2\/users\/1"}],"replies":[{"embeddable":true,"href":"https:\/\/www.saloanoticias.com\/v1\/wp-json\/wp\/v2\/comments?post=607"}],"version-history":[{"count":0,"href":"https:\/\/www.saloanoticias.com\/v1\/wp-json\/wp\/v2\/posts\/607\/revisions"}],"wp:attachment":[{"href":"https:\/\/www.saloanoticias.com\/v1\/wp-json\/wp\/v2\/media?parent=607"}],"wp:term":[{"taxonomy":"category","embeddable":true,"href":"https:\/\/www.saloanoticias.com\/v1\/wp-json\/wp\/v2\/categories?post=607"},{"taxonomy":"post_tag","embeddable":true,"href":"https:\/\/www.saloanoticias.com\/v1\/wp-json\/wp\/v2\/tags?post=607"}],"curies":[{"name":"wp","href":"https:\/\/api.w.org\/{rel}","templated":true}]}}