{"id":522,"date":"2014-01-03T20:54:08","date_gmt":"2014-01-03T20:54:08","guid":{"rendered":"https:\/\/saloanoticias.mrmediaweb.com\/v1\/2014\/01\/03\/saiba-quais-sao-os-servidos-prestados-pelo-detran-em-saloa\/"},"modified":"2014-01-03T20:54:08","modified_gmt":"2014-01-03T20:54:08","slug":"saiba-quais-sao-os-servidos-prestados-pelo-detran-em-saloa","status":"publish","type":"post","link":"https:\/\/www.saloanoticias.com\/v1\/saiba-quais-sao-os-servidos-prestados-pelo-detran-em-saloa\/","title":{"rendered":"SAIBA QUAIS S\u00c3O OS SERVI\u00c7OS PRESTADOS PELO DETRAN EM SALO\u00c1"},"content":{"rendered":"<p align=\"justify\"><font size=\"3\" face=\"Arial\"><a href=\"http:\/\/www.saloanoticias.com\/images\/detran-02.jpg\"><img loading=\"lazy\" decoding=\"async\" title=\"detran 02\" style=\"border-left-width: 0px; border-right-width: 0px; background-image: none; border-bottom-width: 0px; float: none; padding-top: 0px; padding-left: 0px; margin: 0px auto 10px; display: block; padding-right: 0px; border-top-width: 0px\" border=\"0\" alt=\"detran 02\" src=\"http:\/\/www.saloanoticias.com\/v1\/wp-content\/uploads\/imagens\/detran-02_thumb.jpg\" width=\"654\" height=\"436\"><\/a>O Posto de Atendimento do Detran de Salo\u00e1 j\u00e1 est\u00e1 em amplo funcionamento. A unidade foi instalada atendendo \u00e0s reivindica\u00e7\u00f5es da popula\u00e7\u00e3o e proporciona um servi\u00e7o de qualidade, facilitando a vida dos motoristas e ofertando diversos servi\u00e7os como: ordem de placa, comunica\u00e7\u00e3o de venda, solicita\u00e7\u00e3o de documento do porte obrigat\u00f3rio, extrato de restri\u00e7\u00f5es, consulta de Gravame e emiss\u00e3o de Guia de Multa. <\/font><font size=\"3\" face=\"Arial\">Localizado \u00e0 Rua Jos\u00e9 Francisco de Lima, pr\u00f3ximo ao Centro de Conviv\u00eancia dos Idosos (CCI), o Detran atende das H 8:00 \u00e0s H 13:00 com dois funcion\u00e1rios: Manoel Florentino e Joelma Camilo.<\/font>  <\/p>\n<p align=\"justify\"><font size=\"3\" face=\"Arial\">O Posto do Detran \u00e9 mais uma Unidade de presta\u00e7\u00e3o de servi\u00e7os \u00e0 popula\u00e7\u00e3o que funciona no anexo do Governo Municipal, uma \u00e1rea que antes n\u00e3o vinha sendo bem aproveitada por outras administra\u00e7\u00f5es. <\/font><font size=\"3\" face=\"Arial\">&#8220;O Posto do Detran facilita muito nossa vida. Antes, qualquer assunto com o Detran tinha quer ser encaminhado em Garanhuns e agora podemos resolver quase tudo aqui mesmo&#8221;, destacou Jos\u00e9 Maria, um dos usu\u00e1rios do servi\u00e7o. &#8220;Eu mesmo vou aproveitar para retirar um gravame de um ve\u00edculo que estou querendo comprar&#8221;, disse.<\/font><\/p>\n<div style=\"margin-top: 0px; margin-bottom: 0px;\" class=\"sharethis-inline-share-buttons\" ><\/div>","protected":false},"excerpt":{"rendered":"<p>O Posto de Atendimento do Detran de Salo\u00e1 j\u00e1 est\u00e1 em amplo funcionamento. A unidade foi instalada atendendo \u00e0s reivindica\u00e7\u00f5es da popula\u00e7\u00e3o e proporciona um servi\u00e7o de qualidade, facilitando a vida dos motoristas e ofertando diversos servi\u00e7os como: ordem de placa, comunica\u00e7\u00e3o de venda, solicita\u00e7\u00e3o de documento do porte obrigat\u00f3rio, extrato de restri\u00e7\u00f5es, consulta de [&hellip;]<\/p>\n","protected":false},"author":1,"featured_media":0,"comment_status":"open","ping_status":"open","sticky":false,"template":"","format":"standard","meta":{"footnotes":""},"categories":[2],"tags":[],"class_list":["post-522","post","type-post","status-publish","format-standard","hentry","category-noticias-do-dia"],"_links":{"self":[{"href":"https:\/\/www.saloanoticias.com\/v1\/wp-json\/wp\/v2\/posts\/522","targetHints":{"allow":["GET"]}}],"collection":[{"href":"https:\/\/www.saloanoticias.com\/v1\/wp-json\/wp\/v2\/posts"}],"about":[{"href":"https:\/\/www.saloanoticias.com\/v1\/wp-json\/wp\/v2\/types\/post"}],"author":[{"embeddable":true,"href":"https:\/\/www.saloanoticias.com\/v1\/wp-json\/wp\/v2\/users\/1"}],"replies":[{"embeddable":true,"href":"https:\/\/www.saloanoticias.com\/v1\/wp-json\/wp\/v2\/comments?post=522"}],"version-history":[{"count":0,"href":"https:\/\/www.saloanoticias.com\/v1\/wp-json\/wp\/v2\/posts\/522\/revisions"}],"wp:attachment":[{"href":"https:\/\/www.saloanoticias.com\/v1\/wp-json\/wp\/v2\/media?parent=522"}],"wp:term":[{"taxonomy":"category","embeddable":true,"href":"https:\/\/www.saloanoticias.com\/v1\/wp-json\/wp\/v2\/categories?post=522"},{"taxonomy":"post_tag","embeddable":true,"href":"https:\/\/www.saloanoticias.com\/v1\/wp-json\/wp\/v2\/tags?post=522"}],"curies":[{"name":"wp","href":"https:\/\/api.w.org\/{rel}","templated":true}]}}