{"id":521,"date":"2014-01-03T17:48:03","date_gmt":"2014-01-03T17:48:03","guid":{"rendered":"https:\/\/saloanoticias.mrmediaweb.com\/v1\/2014\/01\/03\/nota-de-esclarecimento-da-prefeitura-municipal-de-saloa\/"},"modified":"2014-01-03T17:48:03","modified_gmt":"2014-01-03T17:48:03","slug":"nota-de-esclarecimento-da-prefeitura-municipal-de-saloa","status":"publish","type":"post","link":"https:\/\/www.saloanoticias.com\/v1\/nota-de-esclarecimento-da-prefeitura-municipal-de-saloa\/","title":{"rendered":"NOTA DE ESCLARECIMENTO DA PREFEITURA MUNICIPAL DE SALO\u00c1"},"content":{"rendered":"<p align=\"justify\"><font size=\"3\" face=\"Arial\"><a href=\"http:\/\/www.saloanoticias.com\/images\/pref-saloa_d7156a4aaac0171699c73825d1b37c16.jpg\"><img loading=\"lazy\" decoding=\"async\" title=\"PREF SALOA\" style=\"border-top: 0px; border-right: 0px; background-image: none; border-bottom: 0px; float: left; padding-top: 0px; padding-left: 0px; margin: 5px 10px 10px 0px; border-left: 0px; display: inline; padding-right: 0px\" border=\"0\" alt=\"PREF SALOA\" src=\"http:\/\/www.saloanoticias.com\/v1\/wp-content\/uploads\/imagens\/pref-saloa_thumb_08c1455bf5219726f7ad1d895e764725.jpg\" width=\"207\" align=\"left\" height=\"201\"><\/a>A Prefeitura Municipal de Salo\u00e1, por meio da Secretaria de Administra\u00e7\u00e3o e Planejamento comunica aos servidores efetivos do munic\u00edpio: por motivos de reordena\u00e7\u00e3o de despesas, e em conseq\u00fc\u00eancia do pagamento do 13\u00ba sal\u00e1rio de 2013 a todos os servidores efetivos e contratados, o sal\u00e1rio de dezembro ser\u00e1 pago at\u00e9 o dia 10 de janeiro, pois o repasse da Uni\u00e3o, efetuado em dezembro foi parcial. O Governo Municipal reafirma o compromisso com os servidores p\u00fablicos e agradece a compreens\u00e3o de todos<\/font> <\/p>\n<p align=\"center\"><font size=\"3\" face=\"Arial\">Salo\u00e1, 03 de janeiro de 2014<\/font> <\/p>\n<blockquote>\n<p align=\"center\"><font size=\"3\" face=\"Arial\"><strong>Prefeitura Municipal de Salo\u00e1\/PE<\/strong><\/font><\/p>\n<\/blockquote>\n<p align=\"center\"><font size=\"3\" face=\"Arial\"><strong>Secretaria de Administra\u00e7\u00e3o e Planejamento<\/strong><\/font> <\/p>\n<p align=\"center\"><font size=\"3\" face=\"Arial\">Jos\u00e9 Airton Gomes Maciel<\/font><\/p>\n<div style=\"margin-top: 0px; margin-bottom: 0px;\" class=\"sharethis-inline-share-buttons\" ><\/div>","protected":false},"excerpt":{"rendered":"<p>A Prefeitura Municipal de Salo\u00e1, por meio da Secretaria de Administra\u00e7\u00e3o e Planejamento comunica aos servidores efetivos do munic\u00edpio: por motivos de reordena\u00e7\u00e3o de despesas, e em conseq\u00fc\u00eancia do pagamento do 13\u00ba sal\u00e1rio de 2013 a todos os servidores efetivos e contratados, o sal\u00e1rio de dezembro ser\u00e1 pago at\u00e9 o dia 10 de janeiro, pois [&hellip;]<\/p>\n","protected":false},"author":1,"featured_media":0,"comment_status":"open","ping_status":"open","sticky":false,"template":"","format":"standard","meta":{"footnotes":""},"categories":[2],"tags":[],"class_list":["post-521","post","type-post","status-publish","format-standard","hentry","category-noticias-do-dia"],"_links":{"self":[{"href":"https:\/\/www.saloanoticias.com\/v1\/wp-json\/wp\/v2\/posts\/521","targetHints":{"allow":["GET"]}}],"collection":[{"href":"https:\/\/www.saloanoticias.com\/v1\/wp-json\/wp\/v2\/posts"}],"about":[{"href":"https:\/\/www.saloanoticias.com\/v1\/wp-json\/wp\/v2\/types\/post"}],"author":[{"embeddable":true,"href":"https:\/\/www.saloanoticias.com\/v1\/wp-json\/wp\/v2\/users\/1"}],"replies":[{"embeddable":true,"href":"https:\/\/www.saloanoticias.com\/v1\/wp-json\/wp\/v2\/comments?post=521"}],"version-history":[{"count":0,"href":"https:\/\/www.saloanoticias.com\/v1\/wp-json\/wp\/v2\/posts\/521\/revisions"}],"wp:attachment":[{"href":"https:\/\/www.saloanoticias.com\/v1\/wp-json\/wp\/v2\/media?parent=521"}],"wp:term":[{"taxonomy":"category","embeddable":true,"href":"https:\/\/www.saloanoticias.com\/v1\/wp-json\/wp\/v2\/categories?post=521"},{"taxonomy":"post_tag","embeddable":true,"href":"https:\/\/www.saloanoticias.com\/v1\/wp-json\/wp\/v2\/tags?post=521"}],"curies":[{"name":"wp","href":"https:\/\/api.w.org\/{rel}","templated":true}]}}