{"id":510,"date":"2013-12-30T17:18:26","date_gmt":"2013-12-30T17:18:26","guid":{"rendered":"https:\/\/saloanoticias.mrmediaweb.com\/v1\/2013\/12\/30\/prefeitura-mostra-sua-frota-de-veiculos-a-populacao\/"},"modified":"2013-12-30T17:18:26","modified_gmt":"2013-12-30T17:18:26","slug":"prefeitura-mostra-sua-frota-de-veiculos-a-populacao","status":"publish","type":"post","link":"https:\/\/www.saloanoticias.com\/v1\/prefeitura-mostra-sua-frota-de-veiculos-a-populacao\/","title":{"rendered":"PREFEITURA DE SALO\u00c1 MOSTRA SUA FROTA DE VE\u00cdCULOS \u00c0 POPULA\u00c7\u00c3O"},"content":{"rendered":"<p align=\"justify\"><font size=\"3\" face=\"Arial\"><a href=\"http:\/\/www.saloanoticias.com\/images\/gedc1739_e72b9fb1c50a8250c67023ac9cedef3e.jpg\"><img loading=\"lazy\" decoding=\"async\" title=\"GEDC1739\" style=\"border-top: 0px; border-right: 0px; background-image: none; border-bottom: 0px; float: none; padding-top: 0px; padding-left: 0px; margin: 0px auto 10px; border-left: 0px; display: block; padding-right: 0px\" border=\"0\" alt=\"GEDC1739\" src=\"http:\/\/www.saloanoticias.com\/v1\/wp-content\/uploads\/imagens\/gedc1739_thumb_51104cba7de76e11047708557418921b.jpg\" width=\"568\" height=\"426\"><\/a>O ano de 2013 foi realmente foi um ano de recome\u00e7o para popula\u00e7\u00e3o de Salo\u00e1, um ano de renova\u00e7\u00e3o, desde janeiro quando o novo governo assumiu o principal objetivo era proporcionar qualidade de vida as fam\u00edlias e j\u00e1 no come\u00e7o do ano era constru\u00edda a adutora de Iatec\u00e1, seguida de outras obras importantes que foram mostradas ao longo do ano pelos principais jornais e blogs de Pernambuco.<\/font> <\/p>\n<p align=\"justify\"><a href=\"http:\/\/www.saloanoticias.com\/images\/gedc1730.jpg\"><img loading=\"lazy\" decoding=\"async\" title=\"GEDC1730\" style=\"border-top: 0px; border-right: 0px; background-image: none; border-bottom: 0px; float: none; padding-top: 0px; padding-left: 0px; margin: 10px auto; border-left: 0px; display: block; padding-right: 0px\" border=\"0\" alt=\"GEDC1730\" src=\"http:\/\/www.saloanoticias.com\/v1\/wp-content\/uploads\/imagens\/gedc1730_thumb.jpg\" width=\"571\" height=\"214\"><\/a> <\/p>\n<p align=\"justify\"><font size=\"3\" face=\"Arial\">Mas como o munic\u00edpio n\u00e3o vive s\u00f3 de obras, a\u00e7\u00f5es importantes foram feitas junto \u00e1s secret\u00e1rias, e a ultima a mostrar a popula\u00e7\u00e3o suas a\u00e7\u00f5es foi a Secretaria de Transportes que no dia de hoje (30), mostrou uma frota de ve\u00edculos totalmente recuperada, inclusive ve\u00edculos que seriam descartados por se encontrarem e um estado deplor\u00e1vel deixado pelo antigo governo.<\/font> <\/p>\n<p align=\"justify\"><a href=\"http:\/\/www.saloanoticias.com\/images\/gedc1724.jpg\"><img loading=\"lazy\" decoding=\"async\" title=\"GEDC1724\" style=\"border-top: 0px; border-right: 0px; background-image: none; border-bottom: 0px; float: none; padding-top: 0px; padding-left: 0px; margin: 10px auto; border-left: 0px; display: block; padding-right: 0px\" border=\"0\" alt=\"GEDC1724\" src=\"http:\/\/www.saloanoticias.com\/v1\/wp-content\/uploads\/imagens\/gedc1724_thumb.jpg\" width=\"570\" height=\"469\"><\/a> <\/p>\n<p align=\"justify\"><font size=\"3\" face=\"Arial\">Um exemplo foi um Fiat Uno ano 2010\/2011 cor prata que foi encontrado com o motor desmontado e em cima do banco traseiro do referido ve\u00edculo, lembramos tamb\u00e9m que t\u00ednhamos dois tratores azuis e que foram encontrados de forma deplor\u00e1vel e dos dois tivemos que fazer um para prestar os servi\u00e7os necess\u00e1rio a popula\u00e7\u00e3o. Este ano trabalhamos dobrado para colocar a disposi\u00e7\u00e3o das fam\u00edlias uma frota renovada, ve\u00edculos novos adquiridos com recursos pr\u00f3prios e em parcerias com o governo federal a exemplo do Pac II, \u00f4nibus novos e a contrata\u00e7\u00e3o de vans melhorando o transporte escolar do munic\u00edpio.<\/font> <\/p>\n<p align=\"justify\"><a href=\"http:\/\/www.saloanoticias.com\/images\/gedc1722.jpg\"><img loading=\"lazy\" decoding=\"async\" title=\"GEDC1722\" style=\"border-top: 0px; border-right: 0px; background-image: none; border-bottom: 0px; float: none; padding-top: 0px; padding-left: 0px; margin: 10px auto; border-left: 0px; display: block; padding-right: 0px\" border=\"0\" alt=\"GEDC1722\" src=\"http:\/\/www.saloanoticias.com\/v1\/wp-content\/uploads\/imagens\/gedc1722_thumb.jpg\" width=\"573\" height=\"430\"><\/a> <\/p>\n<p align=\"justify\"><font size=\"3\" face=\"Arial\">Tamb\u00e9m foram adquiridas motos para agilizar a fiscaliza\u00e7\u00e3o das obras e facilitar o deslocamento de funcion\u00e1rios, a ambul\u00e2ncia do SAMU que melhorou o resgate em casos urgentes, ou seja, trabalhamos com o aval do prefeito Ricardo Alves e conseguimos melhorar a nossa frota e para o ano de 2014 j\u00e1 temos novidades para a popula\u00e7\u00e3o de Salo\u00e1 conta o secret\u00e1rio de transportes Ricardo Almeida (Ricardo de Almir).<\/font> <\/p>\n<p align=\"justify\"><a href=\"http:\/\/www.saloanoticias.com\/images\/gedc1728.jpg\"><img loading=\"lazy\" decoding=\"async\" title=\"GEDC1728\" style=\"border-top: 0px; border-right: 0px; background-image: none; border-bottom: 0px; float: none; padding-top: 0px; padding-left: 0px; margin: 10px auto; border-left: 0px; display: block; padding-right: 0px\" border=\"0\" alt=\"GEDC1728\" src=\"http:\/\/www.saloanoticias.com\/v1\/wp-content\/uploads\/imagens\/gedc1728_thumb.jpg\" width=\"571\" height=\"428\"><\/a> <\/p>\n<p align=\"justify\"><font size=\"3\" face=\"Arial\">O Prefeito Ricardo tem cumprido todo seu plano de governo, trazendo para Salo\u00e1 um governo de renova\u00e7\u00e3o, com uma equipe de secret\u00e1rios e assessores focalizados em formar parcerias com as fam\u00edlias proporcionando desta forma uma administra\u00e7\u00e3o igualit\u00e1ria, sendo assim, Ricardo Alves tem alcan\u00e7ado dados hist\u00f3ricos nas avalia\u00e7\u00f5es feitas por organismos importantes e pela popula\u00e7\u00e3o, estando, por exemplo; entre os melhores prefeitos do estado ou por que n\u00e3o do Brasil.<\/font> <\/p>\n<p align=\"justify\"><font size=\"2\" face=\"Arial Black\">Fonte&nbsp; &#8211;&nbsp; Ascom\/Salo\u00e1 (Texto e fotos Israel Gomes)<\/font><\/p>\n<div style=\"margin-top: 0px; margin-bottom: 0px;\" class=\"sharethis-inline-share-buttons\" ><\/div>","protected":false},"excerpt":{"rendered":"<p>O ano de 2013 foi realmente foi um ano de recome\u00e7o para popula\u00e7\u00e3o de Salo\u00e1, um ano de renova\u00e7\u00e3o, desde janeiro quando o novo governo assumiu o principal objetivo era proporcionar qualidade de vida as fam\u00edlias e j\u00e1 no come\u00e7o do ano era constru\u00edda a adutora de Iatec\u00e1, seguida de outras obras importantes que foram [&hellip;]<\/p>\n","protected":false},"author":1,"featured_media":0,"comment_status":"open","ping_status":"open","sticky":false,"template":"","format":"standard","meta":{"footnotes":""},"categories":[2],"tags":[],"class_list":["post-510","post","type-post","status-publish","format-standard","hentry","category-noticias-do-dia"],"_links":{"self":[{"href":"https:\/\/www.saloanoticias.com\/v1\/wp-json\/wp\/v2\/posts\/510","targetHints":{"allow":["GET"]}}],"collection":[{"href":"https:\/\/www.saloanoticias.com\/v1\/wp-json\/wp\/v2\/posts"}],"about":[{"href":"https:\/\/www.saloanoticias.com\/v1\/wp-json\/wp\/v2\/types\/post"}],"author":[{"embeddable":true,"href":"https:\/\/www.saloanoticias.com\/v1\/wp-json\/wp\/v2\/users\/1"}],"replies":[{"embeddable":true,"href":"https:\/\/www.saloanoticias.com\/v1\/wp-json\/wp\/v2\/comments?post=510"}],"version-history":[{"count":0,"href":"https:\/\/www.saloanoticias.com\/v1\/wp-json\/wp\/v2\/posts\/510\/revisions"}],"wp:attachment":[{"href":"https:\/\/www.saloanoticias.com\/v1\/wp-json\/wp\/v2\/media?parent=510"}],"wp:term":[{"taxonomy":"category","embeddable":true,"href":"https:\/\/www.saloanoticias.com\/v1\/wp-json\/wp\/v2\/categories?post=510"},{"taxonomy":"post_tag","embeddable":true,"href":"https:\/\/www.saloanoticias.com\/v1\/wp-json\/wp\/v2\/tags?post=510"}],"curies":[{"name":"wp","href":"https:\/\/api.w.org\/{rel}","templated":true}]}}