{"id":509,"date":"2013-12-30T13:43:59","date_gmt":"2013-12-30T13:43:59","guid":{"rendered":"https:\/\/saloanoticias.mrmediaweb.com\/v1\/2013\/12\/30\/lutas-do-ufc-podem-ser-proibidas-no-brasil\/"},"modified":"2013-12-30T13:43:59","modified_gmt":"2013-12-30T13:43:59","slug":"lutas-do-ufc-podem-ser-proibidas-no-brasil","status":"publish","type":"post","link":"https:\/\/www.saloanoticias.com\/v1\/lutas-do-ufc-podem-ser-proibidas-no-brasil\/","title":{"rendered":"TRANSMISS\u00c3O DE LUTAS DO UFC PODEM SER PROIBIDAS NO BRASIL"},"content":{"rendered":"<p align=\"justify\"><font size=\"3\" face=\"Arial\"><a href=\"http:\/\/www.saloanoticias.com\/images\/mma.jpg\"><img loading=\"lazy\" decoding=\"async\" title=\"MMA\" style=\"border-top: 0px; border-right: 0px; background-image: none; border-bottom: 0px; float: none; padding-top: 0px; padding-left: 0px; margin: 0px auto 5px; border-left: 0px; display: block; padding-right: 0px\" border=\"0\" alt=\"MMA\" src=\"http:\/\/www.saloanoticias.com\/v1\/wp-content\/uploads\/imagens\/mma_thumb.jpg\" width=\"562\" height=\"321\"><\/a>O deputado Jos\u00e9 Mentor (PT\/SP) argumenta que sim; &#8220;A luta de MMA n\u00e3o \u00e9 esporte porque n\u00e3o protege o atleta que a pratica; n\u00e3o \u00e9 luta marcial porque prega o ataque e a agress\u00e3o ao contr\u00e1rio das artes marciais que pregam a autodefesa, autocontrole e n\u00e3o agress\u00e3o. MMA \u00e9 s\u00f3 viol\u00eancia&#8221;, diz o parlamentar, que apresentou de lei projeto para que as transmiss\u00f5es \u2013 hoje um neg\u00f3cio milion\u00e1rio promovido pela Globo \u2013 sejam suspensas; ele lembra que Fran\u00e7a e o estado de Nova York, nos Estados Unidos, proibiram n\u00e3o apenas as transmiss\u00f5es, como a pr\u00f3pria pr\u00e1tica do &#8220;esporte&#8221;, que, no fim de semana, colocou em destaque a fratura de Anderson Silva.<\/font><\/p>\n<p align=\"justify\"><font size=\"2\" face=\"Arial Black\">Fonte&nbsp; &#8211;&nbsp; Brasil 247<\/font><\/p>\n<div style=\"margin-top: 0px; margin-bottom: 0px;\" class=\"sharethis-inline-share-buttons\" ><\/div>","protected":false},"excerpt":{"rendered":"<p>O deputado Jos\u00e9 Mentor (PT\/SP) argumenta que sim; &#8220;A luta de MMA n\u00e3o \u00e9 esporte porque n\u00e3o protege o atleta que a pratica; n\u00e3o \u00e9 luta marcial porque prega o ataque e a agress\u00e3o ao contr\u00e1rio das artes marciais que pregam a autodefesa, autocontrole e n\u00e3o agress\u00e3o. MMA \u00e9 s\u00f3 viol\u00eancia&#8221;, diz o parlamentar, que [&hellip;]<\/p>\n","protected":false},"author":1,"featured_media":0,"comment_status":"open","ping_status":"open","sticky":false,"template":"","format":"standard","meta":{"footnotes":""},"categories":[2],"tags":[],"class_list":["post-509","post","type-post","status-publish","format-standard","hentry","category-noticias-do-dia"],"_links":{"self":[{"href":"https:\/\/www.saloanoticias.com\/v1\/wp-json\/wp\/v2\/posts\/509","targetHints":{"allow":["GET"]}}],"collection":[{"href":"https:\/\/www.saloanoticias.com\/v1\/wp-json\/wp\/v2\/posts"}],"about":[{"href":"https:\/\/www.saloanoticias.com\/v1\/wp-json\/wp\/v2\/types\/post"}],"author":[{"embeddable":true,"href":"https:\/\/www.saloanoticias.com\/v1\/wp-json\/wp\/v2\/users\/1"}],"replies":[{"embeddable":true,"href":"https:\/\/www.saloanoticias.com\/v1\/wp-json\/wp\/v2\/comments?post=509"}],"version-history":[{"count":0,"href":"https:\/\/www.saloanoticias.com\/v1\/wp-json\/wp\/v2\/posts\/509\/revisions"}],"wp:attachment":[{"href":"https:\/\/www.saloanoticias.com\/v1\/wp-json\/wp\/v2\/media?parent=509"}],"wp:term":[{"taxonomy":"category","embeddable":true,"href":"https:\/\/www.saloanoticias.com\/v1\/wp-json\/wp\/v2\/categories?post=509"},{"taxonomy":"post_tag","embeddable":true,"href":"https:\/\/www.saloanoticias.com\/v1\/wp-json\/wp\/v2\/tags?post=509"}],"curies":[{"name":"wp","href":"https:\/\/api.w.org\/{rel}","templated":true}]}}