{"id":502,"date":"2013-12-28T13:42:44","date_gmt":"2013-12-28T13:42:44","guid":{"rendered":"https:\/\/saloanoticias.mrmediaweb.com\/v1\/2013\/12\/28\/mensagem-de-final-de-ano-do-senador-armando-monteiro\/"},"modified":"2013-12-28T13:42:44","modified_gmt":"2013-12-28T13:42:44","slug":"mensagem-de-final-de-ano-do-senador-armando-monteiro","status":"publish","type":"post","link":"https:\/\/www.saloanoticias.com\/v1\/mensagem-de-final-de-ano-do-senador-armando-monteiro\/","title":{"rendered":"MENSAGEM DE FINAL DE ANO DO SENADOR ARMANDO MONTEIRO NETO"},"content":{"rendered":"<p><a href=\"http:\/\/www.saloanoticias.com\/images\/armandomonteiro.2_11fa1add0217cfa09a400fdf1909e126.jpg\"><img loading=\"lazy\" decoding=\"async\" title=\"armandomonteiro.2\" style=\"border-top: 0px; border-right: 0px; background-image: none; border-bottom: 0px; float: none; padding-top: 0px; padding-left: 0px; margin: 0px auto 10px; border-left: 0px; display: block; padding-right: 0px\" border=\"0\" alt=\"armandomonteiro.2\" src=\"http:\/\/www.saloanoticias.com\/v1\/wp-content\/uploads\/imagens\/armandomonteiro.2_thumb_ad7067156eaaaa11ba2ec4f77e87cce1.jpg\" width=\"487\" height=\"465\"><\/a><\/p>\n<p align=\"justify\"><font size=\"3\" face=\"Arial\">O Senador <strong>Armando Monteiro Neto<\/strong> foi eleito pela revista Veja como sendo o melhor do Brasil e um dos mais dignos representantes do povo brasileiro e, ao <\/font><font size=\"3\" face=\"Arial\">lado de sua fam\u00edlia tem honrado o nome de Pernambuco com sua atua\u00e7\u00e3o irrepar\u00e1vel <\/font><font size=\"3\" face=\"Arial\">no Senado Federal. Hoje o brilhante senador vem a p\u00fablico n\u00e3o apresentar a\u00e7\u00f5es e sim, <\/font><font size=\"3\" face=\"Arial\">desejar um <\/font><font size=\"3\" face=\"Arial\"><strong>Feliz Natal e pr\u00f3spero Ano Novo<\/strong> para todos os pernambucanos. Parab\u00e9ns, senador, pela sua luta incans\u00e1vel pelo bem do povo.<\/font><\/p>\n<div style=\"margin-top: 0px; margin-bottom: 0px;\" class=\"sharethis-inline-share-buttons\" ><\/div>","protected":false},"excerpt":{"rendered":"<p>O Senador Armando Monteiro Neto foi eleito pela revista Veja como sendo o melhor do Brasil e um dos mais dignos representantes do povo brasileiro e, ao lado de sua fam\u00edlia tem honrado o nome de Pernambuco com sua atua\u00e7\u00e3o irrepar\u00e1vel no Senado Federal. Hoje o brilhante senador vem a p\u00fablico n\u00e3o apresentar a\u00e7\u00f5es e [&hellip;]<\/p>\n","protected":false},"author":1,"featured_media":0,"comment_status":"open","ping_status":"open","sticky":false,"template":"","format":"standard","meta":{"footnotes":""},"categories":[2],"tags":[],"class_list":["post-502","post","type-post","status-publish","format-standard","hentry","category-noticias-do-dia"],"_links":{"self":[{"href":"https:\/\/www.saloanoticias.com\/v1\/wp-json\/wp\/v2\/posts\/502","targetHints":{"allow":["GET"]}}],"collection":[{"href":"https:\/\/www.saloanoticias.com\/v1\/wp-json\/wp\/v2\/posts"}],"about":[{"href":"https:\/\/www.saloanoticias.com\/v1\/wp-json\/wp\/v2\/types\/post"}],"author":[{"embeddable":true,"href":"https:\/\/www.saloanoticias.com\/v1\/wp-json\/wp\/v2\/users\/1"}],"replies":[{"embeddable":true,"href":"https:\/\/www.saloanoticias.com\/v1\/wp-json\/wp\/v2\/comments?post=502"}],"version-history":[{"count":0,"href":"https:\/\/www.saloanoticias.com\/v1\/wp-json\/wp\/v2\/posts\/502\/revisions"}],"wp:attachment":[{"href":"https:\/\/www.saloanoticias.com\/v1\/wp-json\/wp\/v2\/media?parent=502"}],"wp:term":[{"taxonomy":"category","embeddable":true,"href":"https:\/\/www.saloanoticias.com\/v1\/wp-json\/wp\/v2\/categories?post=502"},{"taxonomy":"post_tag","embeddable":true,"href":"https:\/\/www.saloanoticias.com\/v1\/wp-json\/wp\/v2\/tags?post=502"}],"curies":[{"name":"wp","href":"https:\/\/api.w.org\/{rel}","templated":true}]}}