{"id":4977,"date":"2018-08-20T13:31:10","date_gmt":"2018-08-20T13:31:10","guid":{"rendered":"https:\/\/saloanoticias.com\/v1\/?p=4977"},"modified":"2018-08-20T13:32:24","modified_gmt":"2018-08-20T13:32:24","slug":"danilo-cabral-rebate-acusacoes-de-zeca-cavalcanti","status":"publish","type":"post","link":"https:\/\/www.saloanoticias.com\/v1\/danilo-cabral-rebate-acusacoes-de-zeca-cavalcanti\/","title":{"rendered":"DANILO CABRAL REBATE ATAQUES DE ZECA CAVALCANTI"},"content":{"rendered":"<p><img loading=\"lazy\" decoding=\"async\" class=\"aligncenter wp-image-4978\" src=\"https:\/\/saloanoticias.com\/v1\/wp-content\/uploads\/2018\/08\/danilo-cabral-1.jpg\" alt=\"\" width=\"969\" height=\"544\" srcset=\"https:\/\/www.saloanoticias.com\/v1\/wp-content\/uploads\/2018\/08\/danilo-cabral-1.jpg 930w, https:\/\/www.saloanoticias.com\/v1\/wp-content\/uploads\/2018\/08\/danilo-cabral-1-300x168.jpg 300w, https:\/\/www.saloanoticias.com\/v1\/wp-content\/uploads\/2018\/08\/danilo-cabral-1-768x431.jpg 768w\" sizes=\"auto, (max-width: 969px) 100vw, 969px\" \/>&#8220;Pernambuco vai mandar embora, definitivamente, a Turma de Temer e seus amigos&#8221;, assim o deputado federal Danilo Cabral (PSB) respondeu aos ataques do deputado Zeca Cavalcanti (PTB) ao Governo Paulo C\u00e2mara. O tom destemperado do palanque de oposi\u00e7\u00e3o vem mostrando que o desespero j\u00e1 tomou conta do grupo dos patr\u00f5es. &#8220;A cada dia que passa a dist\u00e2ncia para a aposentadoria da Turma de Temer em Pernambuco fica menor. Enquanto eles apostam no quanto pior melhor, a Frente Popular presta contas dos avan\u00e7os na gest\u00e3o de Paulo C\u00e2mara e estabelece a dire\u00e7\u00e3o para um futuro de prosperidade&#8221;, completou Danilo.<\/p>\n<p>Segundo o socialista, Pernambuco ser\u00e1 um dos primeiros estados a retomar o crescimento com a melhora da economia. &#8220;Nosso estado est\u00e1 pronto para recuperar os empregos e o desenvolvimento. Temos o porto mais moderno do Brasil e m\u00e3o de obra qualificada para atender as demandas que v\u00e3o chegar&#8221;.\u00a0&#8220;Zeca teve a oportunidade de mandar embora pra casa o presidente mais rejeitado da hist\u00f3ria do Brasil, que \u00e9 Temer.\u00a0Era isso que o povo esperava dele nas vota\u00e7\u00f5es em que Temer foi processado. Mas ele preferiu votar pra que Temer n\u00e3o fosse processado nem afastado do cargo&#8221;, afirmou Danilo, que acrescentou: &#8220;J\u00e1 que Zeca n\u00e3o deixou ele ser afastado na vota\u00e7\u00e3o dos processos dele na C\u00e2mara dos Deputados, o povo vai se encarregar , atrav\u00e9s das urnas, de mandar a turma de Temer pra casa&#8221;.<\/p>\n<p>&nbsp;<\/p>\n<div style=\"margin-top: 0px; margin-bottom: 0px;\" class=\"sharethis-inline-share-buttons\" ><\/div>","protected":false},"excerpt":{"rendered":"<p>&#8220;Pernambuco vai mandar embora, definitivamente, a Turma de Temer e seus amigos&#8221;, assim o deputado federal Danilo Cabral (PSB) respondeu aos ataques do deputado Zeca Cavalcanti (PTB) ao Governo Paulo C\u00e2mara. O tom destemperado do palanque de oposi\u00e7\u00e3o vem mostrando que o desespero j\u00e1 tomou conta do grupo dos patr\u00f5es. &#8220;A cada dia que passa [&hellip;]<\/p>\n","protected":false},"author":2,"featured_media":4978,"comment_status":"open","ping_status":"open","sticky":false,"template":"","format":"standard","meta":{"footnotes":""},"categories":[2],"tags":[],"class_list":["post-4977","post","type-post","status-publish","format-standard","has-post-thumbnail","hentry","category-noticias-do-dia"],"_links":{"self":[{"href":"https:\/\/www.saloanoticias.com\/v1\/wp-json\/wp\/v2\/posts\/4977","targetHints":{"allow":["GET"]}}],"collection":[{"href":"https:\/\/www.saloanoticias.com\/v1\/wp-json\/wp\/v2\/posts"}],"about":[{"href":"https:\/\/www.saloanoticias.com\/v1\/wp-json\/wp\/v2\/types\/post"}],"author":[{"embeddable":true,"href":"https:\/\/www.saloanoticias.com\/v1\/wp-json\/wp\/v2\/users\/2"}],"replies":[{"embeddable":true,"href":"https:\/\/www.saloanoticias.com\/v1\/wp-json\/wp\/v2\/comments?post=4977"}],"version-history":[{"count":2,"href":"https:\/\/www.saloanoticias.com\/v1\/wp-json\/wp\/v2\/posts\/4977\/revisions"}],"predecessor-version":[{"id":4980,"href":"https:\/\/www.saloanoticias.com\/v1\/wp-json\/wp\/v2\/posts\/4977\/revisions\/4980"}],"wp:featuredmedia":[{"embeddable":true,"href":"https:\/\/www.saloanoticias.com\/v1\/wp-json\/wp\/v2\/media\/4978"}],"wp:attachment":[{"href":"https:\/\/www.saloanoticias.com\/v1\/wp-json\/wp\/v2\/media?parent=4977"}],"wp:term":[{"taxonomy":"category","embeddable":true,"href":"https:\/\/www.saloanoticias.com\/v1\/wp-json\/wp\/v2\/categories?post=4977"},{"taxonomy":"post_tag","embeddable":true,"href":"https:\/\/www.saloanoticias.com\/v1\/wp-json\/wp\/v2\/tags?post=4977"}],"curies":[{"name":"wp","href":"https:\/\/api.w.org\/{rel}","templated":true}]}}