{"id":4968,"date":"2018-08-20T13:07:26","date_gmt":"2018-08-20T13:07:26","guid":{"rendered":"https:\/\/saloanoticias.com\/v1\/?p=4968"},"modified":"2018-08-20T13:12:33","modified_gmt":"2018-08-20T13:12:33","slug":"vereador-ronaldinho-solicita-calcamento-para-a-rua-da-quadra-da-serrinha-da-prata","status":"publish","type":"post","link":"https:\/\/www.saloanoticias.com\/v1\/vereador-ronaldinho-solicita-calcamento-para-a-rua-da-quadra-da-serrinha-da-prata\/","title":{"rendered":"VEREADOR RONALDINHO SOLICITA CAL\u00c7AMENTO PARA A SERRINHA DA PRATA"},"content":{"rendered":"<p><img loading=\"lazy\" decoding=\"async\" width=\"960\" height=\"642\" class=\"aligncenter size-full wp-image-4969\" src=\"https:\/\/saloanoticias.com\/v1\/wp-content\/uploads\/2018\/08\/ronaldinho-pres.jpg\" alt=\"\" srcset=\"https:\/\/www.saloanoticias.com\/v1\/wp-content\/uploads\/2018\/08\/ronaldinho-pres.jpg 960w, https:\/\/www.saloanoticias.com\/v1\/wp-content\/uploads\/2018\/08\/ronaldinho-pres-300x201.jpg 300w, https:\/\/www.saloanoticias.com\/v1\/wp-content\/uploads\/2018\/08\/ronaldinho-pres-768x514.jpg 768w\" sizes=\"auto, (max-width: 960px) 100vw, 960px\" \/>A C\u00e2mara dos Vereadores de Salo\u00e1\/PE aprovou no \u00faltimo dia 16 de agosto o requerimento 0024\/18 de autoria do vereador Ronaldinho (PSB) solicitando a continuidade do cal\u00e7amento na entrada do povoado Serrinha da Prata, mais precisamente at\u00e9 a quadra poliesportiva. Segundo o parlamentar a solicita\u00e7\u00e3o \u00e9 de interesse da popula\u00e7\u00e3o que est\u00e1 usufruindo da nova quadra esportiva cotidianamente e precisa de um acesso melhor com saneamento e cal\u00e7amento.<\/p>\n<p>Recentemente a quadra da Serrinha foi inaugurada e regularmente est\u00e1 sendo utilizada para pr\u00e1ticas esportivas e de eventos, contudo, a popula\u00e7\u00e3o vem reclamando por conta da lama nos dias de chuva e da poeira nos tempos de ver\u00e3o ao se deslocarem at\u00e9 a quadra. Sem d\u00favidas este ambiente de encontros ser\u00e1 ainda mais frequentado com esta obra que d\u00e1 acesso \u00e0 quadra, j\u00e1 que quase todas as ruas da parte central da Serrinha j\u00e1 s\u00e3o cal\u00e7adas, ficando apenas este pequeno trecho sem conclus\u00e3o.<\/p>\n<p><em>\u201cEsta solicita\u00e7\u00e3o vem amparada pela vontade dos moradores da Serrinha que acreditam que o local ficar\u00e1 mais seguro, limpo, bonito e agrad\u00e1vel dando uma vis\u00e3o privilegiada das ruas e trazendo mais conforto e mobilidade aos transeuntes e motoristas que por ali circulam todos os dias. N\u00e3o tenho d\u00favidas de que esta solicita\u00e7\u00e3o ser\u00e1 bem acolhida pela administra\u00e7\u00e3o que far\u00e1 o poss\u00edvel para que mais esta obra seja realizada\u201d<\/em>, disse Ronaldinho.<\/p>\n<p>&nbsp;<\/p>\n<div style=\"margin-top: 0px; margin-bottom: 0px;\" class=\"sharethis-inline-share-buttons\" ><\/div>","protected":false},"excerpt":{"rendered":"<p>A C\u00e2mara dos Vereadores de Salo\u00e1\/PE aprovou no \u00faltimo dia 16 de agosto o requerimento 0024\/18 de autoria do vereador Ronaldinho (PSB) solicitando a continuidade do cal\u00e7amento na entrada do povoado Serrinha da Prata, mais precisamente at\u00e9 a quadra poliesportiva. Segundo o parlamentar a solicita\u00e7\u00e3o \u00e9 de interesse da popula\u00e7\u00e3o que est\u00e1 usufruindo da nova [&hellip;]<\/p>\n","protected":false},"author":2,"featured_media":4969,"comment_status":"open","ping_status":"open","sticky":false,"template":"","format":"standard","meta":{"footnotes":""},"categories":[2],"tags":[],"class_list":["post-4968","post","type-post","status-publish","format-standard","has-post-thumbnail","hentry","category-noticias-do-dia"],"_links":{"self":[{"href":"https:\/\/www.saloanoticias.com\/v1\/wp-json\/wp\/v2\/posts\/4968","targetHints":{"allow":["GET"]}}],"collection":[{"href":"https:\/\/www.saloanoticias.com\/v1\/wp-json\/wp\/v2\/posts"}],"about":[{"href":"https:\/\/www.saloanoticias.com\/v1\/wp-json\/wp\/v2\/types\/post"}],"author":[{"embeddable":true,"href":"https:\/\/www.saloanoticias.com\/v1\/wp-json\/wp\/v2\/users\/2"}],"replies":[{"embeddable":true,"href":"https:\/\/www.saloanoticias.com\/v1\/wp-json\/wp\/v2\/comments?post=4968"}],"version-history":[{"count":5,"href":"https:\/\/www.saloanoticias.com\/v1\/wp-json\/wp\/v2\/posts\/4968\/revisions"}],"predecessor-version":[{"id":4974,"href":"https:\/\/www.saloanoticias.com\/v1\/wp-json\/wp\/v2\/posts\/4968\/revisions\/4974"}],"wp:featuredmedia":[{"embeddable":true,"href":"https:\/\/www.saloanoticias.com\/v1\/wp-json\/wp\/v2\/media\/4969"}],"wp:attachment":[{"href":"https:\/\/www.saloanoticias.com\/v1\/wp-json\/wp\/v2\/media?parent=4968"}],"wp:term":[{"taxonomy":"category","embeddable":true,"href":"https:\/\/www.saloanoticias.com\/v1\/wp-json\/wp\/v2\/categories?post=4968"},{"taxonomy":"post_tag","embeddable":true,"href":"https:\/\/www.saloanoticias.com\/v1\/wp-json\/wp\/v2\/tags?post=4968"}],"curies":[{"name":"wp","href":"https:\/\/api.w.org\/{rel}","templated":true}]}}