{"id":4873,"date":"2018-08-16T11:03:50","date_gmt":"2018-08-16T11:03:50","guid":{"rendered":"https:\/\/saloanoticias.com\/v1\/?p=4873"},"modified":"2018-08-17T22:52:04","modified_gmt":"2018-08-17T22:52:04","slug":"paulo-camara-sai-na-frente-em-primeira-pesquisa-para-governador","status":"publish","type":"post","link":"https:\/\/www.saloanoticias.com\/v1\/paulo-camara-sai-na-frente-em-primeira-pesquisa-para-governador\/","title":{"rendered":"PAULO C\u00c2MARA SAI NA FRENTE NA PRIMEIRA PESQUISA PARA GOVERNADOR"},"content":{"rendered":"<p><img loading=\"lazy\" decoding=\"async\" width=\"2048\" height=\"1365\" class=\"aligncenter size-full wp-image-4874\" src=\"https:\/\/saloanoticias.com\/v1\/wp-content\/uploads\/2018\/08\/paulo-camara-2.jpg\" alt=\"\" srcset=\"https:\/\/www.saloanoticias.com\/v1\/wp-content\/uploads\/2018\/08\/paulo-camara-2.jpg 2048w, https:\/\/www.saloanoticias.com\/v1\/wp-content\/uploads\/2018\/08\/paulo-camara-2-300x200.jpg 300w, https:\/\/www.saloanoticias.com\/v1\/wp-content\/uploads\/2018\/08\/paulo-camara-2-1024x683.jpg 1024w, https:\/\/www.saloanoticias.com\/v1\/wp-content\/uploads\/2018\/08\/paulo-camara-2-768x512.jpg 768w, https:\/\/www.saloanoticias.com\/v1\/wp-content\/uploads\/2018\/08\/paulo-camara-2-1536x1024.jpg 1536w\" sizes=\"auto, (max-width: 2048px) 100vw, 2048px\" \/>Na\u00a0primeira pesquisa de inten\u00e7\u00e3o de votos\u00a0realizada pelo Instituto de Pesquisas Sociais, Pol\u00edticas e Econ\u00f4micas (Ipespe), divulgada em parceria com a\u00a0Folha de Pernambuco nesta quarta-feira (15), o governador\u00a0Paulo C\u00e2mara (PSB), candidato \u00e0 reelei\u00e7\u00e3o, est\u00e1 na frente com 30%, liderando nominalmente a disputa. O senador\u00a0Armando Monteiro Neto (PTB)\u00a0surge em segundo lugar, com 24%, no limite da margem de erro, que \u00e9 3,5 pontos percentuais. Os demais nomes aparecem com percentuais distantes.<\/p>\n<p>A pesquisa foi realizada entre os dias 11 e 13 de agosto, por telefone, ouvindo 800 pessoas, definindo cotas de sexo, idade, localidade, instru\u00e7\u00e3o e renda. A margem de erro \u00e9 de 3,5 pontos percentuais para mais ou para menos, com um intervalo de confian\u00e7a de 95,45%. Como manda a lei, o levantamento foi registrado no\u00a0Tribunal Superior Eleitoral\u00a0(TSE) sob os n\u00fameros de protocolo BR-06973\/2018 e PE-07336\/2018 e fez a seguinte pergunta: &#8220;Se a elei\u00e7\u00e3o para Governador de Pernambuco fosse hoje e os candidatos fossem esses que vou ler, em quem o(a) Sr(a) votaria para Governador?&#8221;.<\/p>\n<p>O ex-deputado federal\u00a0Maur\u00edcio Rands\u00a0(PROS), que apresentou sua candidatura no final do prazo das conven\u00e7\u00f5es partid\u00e1rias, apareceu na pesquisa estimulada com 4% das inten\u00e7\u00f5es de voto. J\u00e1 a advogada\u00a0Danielle Portela\u00a0(PSOL) e o ex-prefeito de Petrolina\u00a0J\u00falio L\u00f3ssio(Rede) pontuaram 3% cada.\u00a0Simone Fontana, do PSTU, teve 2% das men\u00e7\u00f5es. Brancos, nulos ou \u201cnenhum\u201d representam 27% dos entrevistados. J\u00e1 os indecisos ou os que n\u00e3o responderam aparecem com 8%. <em>Fonte: Folha de Pernambuco<\/em><\/p>\n<div style=\"margin-top: 0px; margin-bottom: 0px;\" class=\"sharethis-inline-share-buttons\" ><\/div>","protected":false},"excerpt":{"rendered":"<p>Na\u00a0primeira pesquisa de inten\u00e7\u00e3o de votos\u00a0realizada pelo Instituto de Pesquisas Sociais, Pol\u00edticas e Econ\u00f4micas (Ipespe), divulgada em parceria com a\u00a0Folha de Pernambuco nesta quarta-feira (15), o governador\u00a0Paulo C\u00e2mara (PSB), candidato \u00e0 reelei\u00e7\u00e3o, est\u00e1 na frente com 30%, liderando nominalmente a disputa. O senador\u00a0Armando Monteiro Neto (PTB)\u00a0surge em segundo lugar, com 24%, no limite da margem [&hellip;]<\/p>\n","protected":false},"author":2,"featured_media":4874,"comment_status":"open","ping_status":"open","sticky":false,"template":"","format":"standard","meta":{"footnotes":""},"categories":[2],"tags":[],"class_list":["post-4873","post","type-post","status-publish","format-standard","has-post-thumbnail","hentry","category-noticias-do-dia"],"_links":{"self":[{"href":"https:\/\/www.saloanoticias.com\/v1\/wp-json\/wp\/v2\/posts\/4873","targetHints":{"allow":["GET"]}}],"collection":[{"href":"https:\/\/www.saloanoticias.com\/v1\/wp-json\/wp\/v2\/posts"}],"about":[{"href":"https:\/\/www.saloanoticias.com\/v1\/wp-json\/wp\/v2\/types\/post"}],"author":[{"embeddable":true,"href":"https:\/\/www.saloanoticias.com\/v1\/wp-json\/wp\/v2\/users\/2"}],"replies":[{"embeddable":true,"href":"https:\/\/www.saloanoticias.com\/v1\/wp-json\/wp\/v2\/comments?post=4873"}],"version-history":[{"count":3,"href":"https:\/\/www.saloanoticias.com\/v1\/wp-json\/wp\/v2\/posts\/4873\/revisions"}],"predecessor-version":[{"id":4909,"href":"https:\/\/www.saloanoticias.com\/v1\/wp-json\/wp\/v2\/posts\/4873\/revisions\/4909"}],"wp:featuredmedia":[{"embeddable":true,"href":"https:\/\/www.saloanoticias.com\/v1\/wp-json\/wp\/v2\/media\/4874"}],"wp:attachment":[{"href":"https:\/\/www.saloanoticias.com\/v1\/wp-json\/wp\/v2\/media?parent=4873"}],"wp:term":[{"taxonomy":"category","embeddable":true,"href":"https:\/\/www.saloanoticias.com\/v1\/wp-json\/wp\/v2\/categories?post=4873"},{"taxonomy":"post_tag","embeddable":true,"href":"https:\/\/www.saloanoticias.com\/v1\/wp-json\/wp\/v2\/tags?post=4873"}],"curies":[{"name":"wp","href":"https:\/\/api.w.org\/{rel}","templated":true}]}}