{"id":4867,"date":"2018-08-16T10:53:18","date_gmt":"2018-08-16T10:53:18","guid":{"rendered":"https:\/\/saloanoticias.com\/v1\/?p=4867"},"modified":"2018-08-16T10:55:32","modified_gmt":"2018-08-16T10:55:32","slug":"prefeito-de-jupi-tambem-vai-apoiar-andrea-mendonca","status":"publish","type":"post","link":"https:\/\/www.saloanoticias.com\/v1\/prefeito-de-jupi-tambem-vai-apoiar-andrea-mendonca\/","title":{"rendered":"PREFEITO DE JUP\u00cd TAMB\u00c9M DECLARA APOIO \u00c0 ANDREA MENDON\u00c7A"},"content":{"rendered":"<p><img loading=\"lazy\" decoding=\"async\" width=\"1191\" height=\"747\" class=\"aligncenter size-full wp-image-4871\" src=\"https:\/\/saloanoticias.com\/v1\/wp-content\/uploads\/2018\/08\/marcos-patriota-jupi-1.jpg\" alt=\"\" srcset=\"https:\/\/www.saloanoticias.com\/v1\/wp-content\/uploads\/2018\/08\/marcos-patriota-jupi-1.jpg 1191w, https:\/\/www.saloanoticias.com\/v1\/wp-content\/uploads\/2018\/08\/marcos-patriota-jupi-1-300x188.jpg 300w, https:\/\/www.saloanoticias.com\/v1\/wp-content\/uploads\/2018\/08\/marcos-patriota-jupi-1-1024x642.jpg 1024w, https:\/\/www.saloanoticias.com\/v1\/wp-content\/uploads\/2018\/08\/marcos-patriota-jupi-1-768x482.jpg 768w\" sizes=\"auto, (max-width: 1191px) 100vw, 1191px\" \/>Marcos Patriota\u00a0(DEM) foi o \u00faltimo prefeito do Agreste Meridional a definir seus candidatos \u00e0 C\u00e2mara Federal e Assembleia Legislativa. O gestor do munic\u00edpio de Jupi n\u00e3o oficializou ainda, mas pessoas pr\u00f3ximas a ele est\u00e3o convencidas de que ele ir\u00e1 apoiar Jo\u00e3o Campos (PSB) como deputado federal e Andrea Mendon\u00e7a (DEM) para a Assembleia Legislativa. Dois nomes fortes, que devem se eleger com boas vota\u00e7\u00f5es em outubro pr\u00f3ximo. Patriota est\u00e1 com Paulo C\u00e2mera para governador e um dos senadores \u00e9 Mendon\u00e7a Filho, da chapa de Armando Monteiro. <em>Fonte: Blog do Roberto Almeida<\/em><\/p>\n<div style=\"margin-top: 0px; margin-bottom: 0px;\" class=\"sharethis-inline-share-buttons\" ><\/div>","protected":false},"excerpt":{"rendered":"<p>Marcos Patriota\u00a0(DEM) foi o \u00faltimo prefeito do Agreste Meridional a definir seus candidatos \u00e0 C\u00e2mara Federal e Assembleia Legislativa. O gestor do munic\u00edpio de Jupi n\u00e3o oficializou ainda, mas pessoas pr\u00f3ximas a ele est\u00e3o convencidas de que ele ir\u00e1 apoiar Jo\u00e3o Campos (PSB) como deputado federal e Andrea Mendon\u00e7a (DEM) para a Assembleia Legislativa. Dois [&hellip;]<\/p>\n","protected":false},"author":2,"featured_media":4871,"comment_status":"open","ping_status":"open","sticky":false,"template":"","format":"standard","meta":{"footnotes":""},"categories":[2],"tags":[],"class_list":["post-4867","post","type-post","status-publish","format-standard","has-post-thumbnail","hentry","category-noticias-do-dia"],"_links":{"self":[{"href":"https:\/\/www.saloanoticias.com\/v1\/wp-json\/wp\/v2\/posts\/4867","targetHints":{"allow":["GET"]}}],"collection":[{"href":"https:\/\/www.saloanoticias.com\/v1\/wp-json\/wp\/v2\/posts"}],"about":[{"href":"https:\/\/www.saloanoticias.com\/v1\/wp-json\/wp\/v2\/types\/post"}],"author":[{"embeddable":true,"href":"https:\/\/www.saloanoticias.com\/v1\/wp-json\/wp\/v2\/users\/2"}],"replies":[{"embeddable":true,"href":"https:\/\/www.saloanoticias.com\/v1\/wp-json\/wp\/v2\/comments?post=4867"}],"version-history":[{"count":3,"href":"https:\/\/www.saloanoticias.com\/v1\/wp-json\/wp\/v2\/posts\/4867\/revisions"}],"predecessor-version":[{"id":4872,"href":"https:\/\/www.saloanoticias.com\/v1\/wp-json\/wp\/v2\/posts\/4867\/revisions\/4872"}],"wp:featuredmedia":[{"embeddable":true,"href":"https:\/\/www.saloanoticias.com\/v1\/wp-json\/wp\/v2\/media\/4871"}],"wp:attachment":[{"href":"https:\/\/www.saloanoticias.com\/v1\/wp-json\/wp\/v2\/media?parent=4867"}],"wp:term":[{"taxonomy":"category","embeddable":true,"href":"https:\/\/www.saloanoticias.com\/v1\/wp-json\/wp\/v2\/categories?post=4867"},{"taxonomy":"post_tag","embeddable":true,"href":"https:\/\/www.saloanoticias.com\/v1\/wp-json\/wp\/v2\/tags?post=4867"}],"curies":[{"name":"wp","href":"https:\/\/api.w.org\/{rel}","templated":true}]}}