{"id":4863,"date":"2018-08-15T23:51:56","date_gmt":"2018-08-15T23:51:56","guid":{"rendered":"https:\/\/saloanoticias.com\/v1\/?p=4863"},"modified":"2018-08-15T23:52:21","modified_gmt":"2018-08-15T23:52:21","slug":"em-brasilia-paulo-camara-defende-candidatura-de-lula","status":"publish","type":"post","link":"https:\/\/www.saloanoticias.com\/v1\/em-brasilia-paulo-camara-defende-candidatura-de-lula\/","title":{"rendered":"EM BRAS\u00cdLIA, PAULO C\u00c2MARA DEFENDE CANDIDATURA DE LULA"},"content":{"rendered":"<p><img loading=\"lazy\" decoding=\"async\" width=\"1280\" height=\"622\" class=\"aligncenter size-full wp-image-4864\" src=\"https:\/\/saloanoticias.com\/v1\/wp-content\/uploads\/2018\/08\/Registro-candidatura-Lula-2.jpeg\" alt=\"\" srcset=\"https:\/\/www.saloanoticias.com\/v1\/wp-content\/uploads\/2018\/08\/Registro-candidatura-Lula-2.jpeg 1280w, https:\/\/www.saloanoticias.com\/v1\/wp-content\/uploads\/2018\/08\/Registro-candidatura-Lula-2-300x146.jpeg 300w, https:\/\/www.saloanoticias.com\/v1\/wp-content\/uploads\/2018\/08\/Registro-candidatura-Lula-2-1024x498.jpeg 1024w, https:\/\/www.saloanoticias.com\/v1\/wp-content\/uploads\/2018\/08\/Registro-candidatura-Lula-2-768x373.jpeg 768w\" sizes=\"auto, (max-width: 1280px) 100vw, 1280px\" \/>O governador e candidato \u00e0 reelei\u00e7\u00e3o pela Frente Popular de Pernambuco, Paulo C\u00e2mara (PSB), participou, hoje, do ato de registro de candidatura \u00e0 Presid\u00eancia da Rep\u00fablica do ex-presidente Lula (PT). Paulo compareceu a um almo\u00e7o na sede do PT, na Capital Federal, onde estavam presentes tamb\u00e9m os governadores Wellington Dias, do Piau\u00ed, e Fernando Pimentel, de Minas Gerais, entre outras lideran\u00e7as do PT e do PCdoB. Paulo estava acompanhado pela presidente nacional do PCdoB, a deputada federal Luciana Santos, que \u00e9 candidata \u00e0 vice-governadora na sua chapa, e do senador Humberto Costa (PT), candidato \u00e0 reelei\u00e7\u00e3o, tamb\u00e9m integrante da majorit\u00e1ria.<\/p>\n<p>&#8220;O PSB sempre esteve junto com o presidente Lula, trabalhando e pedindo voto para sua elei\u00e7\u00e3o. E n\u00e3o vai ser diferente dessa vez. Por isso, estamos aqui hoje, em Bras\u00edlia, para reafirmar o nosso apoio \u00e0 candidatura do presidente que mais fez e olhou por Pernambuco. Sim, defendemos o direito de Lula ser candidato, para Pernambuco seguir na frente e o Brasil ser feliz de novo&#8221;, afirmou Paulo C\u00e2mara.<\/p>\n<p>Candidato a vice na chapa de Lula, o ex-ministro Fernando Haddad destacou a import\u00e2ncia da elei\u00e7\u00e3o da chapa encabe\u00e7ada por Paulo C\u00e2mara, que comandou o processo que resultou na unidade das esquerdas em Pernambuco.\u00a0 &#8220;Eu estou aqui para comemorar com voc\u00eas essa grande uni\u00e3o das for\u00e7as progressistas do Estado de Pernambuco, em torno da lideran\u00e7a de Paulo C\u00e2mara, nosso governador. E pedindo a voc\u00ea para considerar a reelei\u00e7\u00e3o de Paulo&#8221;, disse Haddad, que pontuou depois: &#8220;Voc\u00ea h\u00e1 de lembrar quando Lula era presidente, a parceria com Pernambuco foi extraordin\u00e1ria. N\u00f3s queremos voltar a ter essa parceria: Lula na Presid\u00eancia e Paulo C\u00e2mara no Governo do Estado. Juntos, vamos fazer muito pelo Nordeste e muito por Pernambuco tamb\u00e9m&#8221;.<em> Fonte: Blog do Magno Martins<\/em><\/p>\n<p>&nbsp;<\/p>\n<div style=\"margin-top: 0px; margin-bottom: 0px;\" class=\"sharethis-inline-share-buttons\" ><\/div>","protected":false},"excerpt":{"rendered":"<p>O governador e candidato \u00e0 reelei\u00e7\u00e3o pela Frente Popular de Pernambuco, Paulo C\u00e2mara (PSB), participou, hoje, do ato de registro de candidatura \u00e0 Presid\u00eancia da Rep\u00fablica do ex-presidente Lula (PT). Paulo compareceu a um almo\u00e7o na sede do PT, na Capital Federal, onde estavam presentes tamb\u00e9m os governadores Wellington Dias, do Piau\u00ed, e Fernando Pimentel, [&hellip;]<\/p>\n","protected":false},"author":2,"featured_media":4864,"comment_status":"open","ping_status":"open","sticky":false,"template":"","format":"standard","meta":{"footnotes":""},"categories":[2],"tags":[],"class_list":["post-4863","post","type-post","status-publish","format-standard","has-post-thumbnail","hentry","category-noticias-do-dia"],"_links":{"self":[{"href":"https:\/\/www.saloanoticias.com\/v1\/wp-json\/wp\/v2\/posts\/4863","targetHints":{"allow":["GET"]}}],"collection":[{"href":"https:\/\/www.saloanoticias.com\/v1\/wp-json\/wp\/v2\/posts"}],"about":[{"href":"https:\/\/www.saloanoticias.com\/v1\/wp-json\/wp\/v2\/types\/post"}],"author":[{"embeddable":true,"href":"https:\/\/www.saloanoticias.com\/v1\/wp-json\/wp\/v2\/users\/2"}],"replies":[{"embeddable":true,"href":"https:\/\/www.saloanoticias.com\/v1\/wp-json\/wp\/v2\/comments?post=4863"}],"version-history":[{"count":2,"href":"https:\/\/www.saloanoticias.com\/v1\/wp-json\/wp\/v2\/posts\/4863\/revisions"}],"predecessor-version":[{"id":4866,"href":"https:\/\/www.saloanoticias.com\/v1\/wp-json\/wp\/v2\/posts\/4863\/revisions\/4866"}],"wp:featuredmedia":[{"embeddable":true,"href":"https:\/\/www.saloanoticias.com\/v1\/wp-json\/wp\/v2\/media\/4864"}],"wp:attachment":[{"href":"https:\/\/www.saloanoticias.com\/v1\/wp-json\/wp\/v2\/media?parent=4863"}],"wp:term":[{"taxonomy":"category","embeddable":true,"href":"https:\/\/www.saloanoticias.com\/v1\/wp-json\/wp\/v2\/categories?post=4863"},{"taxonomy":"post_tag","embeddable":true,"href":"https:\/\/www.saloanoticias.com\/v1\/wp-json\/wp\/v2\/tags?post=4863"}],"curies":[{"name":"wp","href":"https:\/\/api.w.org\/{rel}","templated":true}]}}