{"id":4856,"date":"2018-08-15T23:43:43","date_gmt":"2018-08-15T23:43:43","guid":{"rendered":"https:\/\/saloanoticias.com\/v1\/?p=4856"},"modified":"2018-08-15T23:45:29","modified_gmt":"2018-08-15T23:45:29","slug":"orquestra-meninos-de-saloa-se-apresenta-no-sesc-garanhuns","status":"publish","type":"post","link":"https:\/\/www.saloanoticias.com\/v1\/orquestra-meninos-de-saloa-se-apresenta-no-sesc-garanhuns\/","title":{"rendered":"ORQUESTRA &#8220;MENINOS DE SALO\u00c1&#8221; SE APRESENTA NO SESC GARANHUNS"},"content":{"rendered":"<p><img loading=\"lazy\" decoding=\"async\" width=\"1280\" height=\"720\" class=\"aligncenter size-full wp-image-4858\" src=\"https:\/\/saloanoticias.com\/v1\/wp-content\/uploads\/2018\/08\/meninos-saloa-pe-1.jpg\" alt=\"\" srcset=\"https:\/\/www.saloanoticias.com\/v1\/wp-content\/uploads\/2018\/08\/meninos-saloa-pe-1.jpg 1280w, https:\/\/www.saloanoticias.com\/v1\/wp-content\/uploads\/2018\/08\/meninos-saloa-pe-1-300x169.jpg 300w, https:\/\/www.saloanoticias.com\/v1\/wp-content\/uploads\/2018\/08\/meninos-saloa-pe-1-1024x576.jpg 1024w, https:\/\/www.saloanoticias.com\/v1\/wp-content\/uploads\/2018\/08\/meninos-saloa-pe-1-768x432.jpg 768w\" sizes=\"auto, (max-width: 1280px) 100vw, 1280px\" \/>A Orquestra Meninos de Salo\u00e1 &#8211; CRAS,\u00a0 participou da abertura do 1\u00b0 Encontro da Juventude,\u00a0 realizado pelo SESC &#8211; Garanhuns na manh\u00e3\u00a0 da \u00faltima segunda feira (13\/08), a convite da gerente do SESC da Cidade das Flores,\u00a0 a Sr. Ivania Barros. A Orquestra se apresentou no encontro e fez uma bel\u00edssima apresenta\u00e7\u00e3o, deixando todos os participantes encantados. Os Meninos de Salo\u00e1 vem mostrando um grande desempenho e cada vez mais melhorando em suas apresenta\u00e7\u00f5es.<\/p>\n<p><img loading=\"lazy\" decoding=\"async\" width=\"1032\" height=\"581\" class=\"aligncenter size-full wp-image-4859\" src=\"https:\/\/saloanoticias.com\/v1\/wp-content\/uploads\/2018\/08\/meninos-saloa-pe-2.jpg\" alt=\"\" srcset=\"https:\/\/www.saloanoticias.com\/v1\/wp-content\/uploads\/2018\/08\/meninos-saloa-pe-2.jpg 1032w, https:\/\/www.saloanoticias.com\/v1\/wp-content\/uploads\/2018\/08\/meninos-saloa-pe-2-300x169.jpg 300w, https:\/\/www.saloanoticias.com\/v1\/wp-content\/uploads\/2018\/08\/meninos-saloa-pe-2-1024x576.jpg 1024w, https:\/\/www.saloanoticias.com\/v1\/wp-content\/uploads\/2018\/08\/meninos-saloa-pe-2-768x432.jpg 768w\" sizes=\"auto, (max-width: 1032px) 100vw, 1032px\" \/><\/p>\n<p>O grupo foi criado no ano de 2013 na gest\u00e3o do prefeito Ricardo Alves. Ao final da apresenta\u00e7\u00e3o Ricardo Alves foi presenteado com uma placa de homenagem e agradecimento do SESC pela apresenta\u00e7\u00e3o da Orquestra Meninos de Salo\u00e1.<\/p>\n<p>&nbsp;<\/p>\n<div style=\"margin-top: 0px; margin-bottom: 0px;\" class=\"sharethis-inline-share-buttons\" ><\/div>","protected":false},"excerpt":{"rendered":"<p>A Orquestra Meninos de Salo\u00e1 &#8211; CRAS,\u00a0 participou da abertura do 1\u00b0 Encontro da Juventude,\u00a0 realizado pelo SESC &#8211; Garanhuns na manh\u00e3\u00a0 da \u00faltima segunda feira (13\/08), a convite da gerente do SESC da Cidade das Flores,\u00a0 a Sr. Ivania Barros. A Orquestra se apresentou no encontro e fez uma bel\u00edssima apresenta\u00e7\u00e3o, deixando todos os [&hellip;]<\/p>\n","protected":false},"author":2,"featured_media":4858,"comment_status":"open","ping_status":"open","sticky":false,"template":"","format":"standard","meta":{"footnotes":""},"categories":[2],"tags":[],"class_list":["post-4856","post","type-post","status-publish","format-standard","has-post-thumbnail","hentry","category-noticias-do-dia"],"_links":{"self":[{"href":"https:\/\/www.saloanoticias.com\/v1\/wp-json\/wp\/v2\/posts\/4856","targetHints":{"allow":["GET"]}}],"collection":[{"href":"https:\/\/www.saloanoticias.com\/v1\/wp-json\/wp\/v2\/posts"}],"about":[{"href":"https:\/\/www.saloanoticias.com\/v1\/wp-json\/wp\/v2\/types\/post"}],"author":[{"embeddable":true,"href":"https:\/\/www.saloanoticias.com\/v1\/wp-json\/wp\/v2\/users\/2"}],"replies":[{"embeddable":true,"href":"https:\/\/www.saloanoticias.com\/v1\/wp-json\/wp\/v2\/comments?post=4856"}],"version-history":[{"count":4,"href":"https:\/\/www.saloanoticias.com\/v1\/wp-json\/wp\/v2\/posts\/4856\/revisions"}],"predecessor-version":[{"id":4862,"href":"https:\/\/www.saloanoticias.com\/v1\/wp-json\/wp\/v2\/posts\/4856\/revisions\/4862"}],"wp:featuredmedia":[{"embeddable":true,"href":"https:\/\/www.saloanoticias.com\/v1\/wp-json\/wp\/v2\/media\/4858"}],"wp:attachment":[{"href":"https:\/\/www.saloanoticias.com\/v1\/wp-json\/wp\/v2\/media?parent=4856"}],"wp:term":[{"taxonomy":"category","embeddable":true,"href":"https:\/\/www.saloanoticias.com\/v1\/wp-json\/wp\/v2\/categories?post=4856"},{"taxonomy":"post_tag","embeddable":true,"href":"https:\/\/www.saloanoticias.com\/v1\/wp-json\/wp\/v2\/tags?post=4856"}],"curies":[{"name":"wp","href":"https:\/\/api.w.org\/{rel}","templated":true}]}}