{"id":4842,"date":"2018-08-15T00:16:22","date_gmt":"2018-08-15T00:16:22","guid":{"rendered":"https:\/\/saloanoticias.com\/v1\/?p=4842"},"modified":"2018-08-15T00:19:02","modified_gmt":"2018-08-15T00:19:02","slug":"valdir-lopes-parabeniza-o-prefeito-ricardo-alves","status":"publish","type":"post","link":"https:\/\/www.saloanoticias.com\/v1\/valdir-lopes-parabeniza-o-prefeito-ricardo-alves\/","title":{"rendered":"VEREADOR VALDIR LOPES PARABENIZA O PREFEITO RICARDO ALVES"},"content":{"rendered":"<p style=\"text-align: justify; margin: 0cm 0cm 7.5pt 0cm;\"><span style=\"font-family: 'Arial','sans-serif'; color: #333333;\"><img loading=\"lazy\" decoding=\"async\" width=\"1273\" height=\"621\" class=\"aligncenter size-full wp-image-4843\" src=\"https:\/\/saloanoticias.com\/v1\/wp-content\/uploads\/2018\/08\/valdir-lopes-saloa.jpg\" alt=\"\" srcset=\"https:\/\/www.saloanoticias.com\/v1\/wp-content\/uploads\/2018\/08\/valdir-lopes-saloa.jpg 1273w, https:\/\/www.saloanoticias.com\/v1\/wp-content\/uploads\/2018\/08\/valdir-lopes-saloa-300x146.jpg 300w, https:\/\/www.saloanoticias.com\/v1\/wp-content\/uploads\/2018\/08\/valdir-lopes-saloa-1024x500.jpg 1024w, https:\/\/www.saloanoticias.com\/v1\/wp-content\/uploads\/2018\/08\/valdir-lopes-saloa-768x375.jpg 768w\" sizes=\"auto, (max-width: 1273px) 100vw, 1273px\" \/>O vereador Valdir de Ara\u00fajo Ferreira, mais conhecido na cidade por Valdir Lopes (PRTB), parabenizou o prefeito Ricardo Alves (MDB) pela entrega da nova viatura da Guarda Munic\u00edpio que aconteceu na \u00faltima quarta-feira (8) na frente do Poder Executivo Municipal. Segundo o parlamentar da oposi\u00e7\u00e3o, a a\u00e7\u00e3o do gestor \u00e9 digna de parab\u00e9ns j\u00e1 que o ve\u00edculo vai servir muito na promo\u00e7\u00e3o da seguran\u00e7a da cidade.<\/span><\/p>\n<p style=\"text-align: justify; margin: 0cm 0cm 7.5pt 0cm;\"><span style=\"font-family: 'Arial','sans-serif'; color: #333333;\">Valdir disse ainda que na hora de fazer cr\u00edticas elas ser\u00e3o feitas, mas na hora de parabenizar, as a\u00e7\u00f5es tamb\u00e9m ser\u00e3o reconhecidas. Valdir Lopes fez quest\u00e3o de fazer seus agradecimentos no microfone do Plen\u00e1rio e foi bastante aplaudido pelos presentes durante a sua fala de reconhecimento pela excelente a\u00e7\u00e3o do prefeito Ricardo Alves, que vem sendo elogiado pelos aliados e pelos oposicionistas pela sua atua\u00e7\u00e3o no comando do executivo.<\/span><\/p>\n<div style=\"margin-top: 0px; margin-bottom: 0px;\" class=\"sharethis-inline-share-buttons\" ><\/div>","protected":false},"excerpt":{"rendered":"<p>O vereador Valdir de Ara\u00fajo Ferreira, mais conhecido na cidade por Valdir Lopes (PRTB), parabenizou o prefeito Ricardo Alves (MDB) pela entrega da nova viatura da Guarda Munic\u00edpio que aconteceu na \u00faltima quarta-feira (8) na frente do Poder Executivo Municipal. Segundo o parlamentar da oposi\u00e7\u00e3o, a a\u00e7\u00e3o do gestor \u00e9 digna de parab\u00e9ns j\u00e1 que [&hellip;]<\/p>\n","protected":false},"author":2,"featured_media":4843,"comment_status":"open","ping_status":"open","sticky":false,"template":"","format":"standard","meta":{"footnotes":""},"categories":[2],"tags":[],"class_list":["post-4842","post","type-post","status-publish","format-standard","has-post-thumbnail","hentry","category-noticias-do-dia"],"_links":{"self":[{"href":"https:\/\/www.saloanoticias.com\/v1\/wp-json\/wp\/v2\/posts\/4842","targetHints":{"allow":["GET"]}}],"collection":[{"href":"https:\/\/www.saloanoticias.com\/v1\/wp-json\/wp\/v2\/posts"}],"about":[{"href":"https:\/\/www.saloanoticias.com\/v1\/wp-json\/wp\/v2\/types\/post"}],"author":[{"embeddable":true,"href":"https:\/\/www.saloanoticias.com\/v1\/wp-json\/wp\/v2\/users\/2"}],"replies":[{"embeddable":true,"href":"https:\/\/www.saloanoticias.com\/v1\/wp-json\/wp\/v2\/comments?post=4842"}],"version-history":[{"count":5,"href":"https:\/\/www.saloanoticias.com\/v1\/wp-json\/wp\/v2\/posts\/4842\/revisions"}],"predecessor-version":[{"id":4848,"href":"https:\/\/www.saloanoticias.com\/v1\/wp-json\/wp\/v2\/posts\/4842\/revisions\/4848"}],"wp:featuredmedia":[{"embeddable":true,"href":"https:\/\/www.saloanoticias.com\/v1\/wp-json\/wp\/v2\/media\/4843"}],"wp:attachment":[{"href":"https:\/\/www.saloanoticias.com\/v1\/wp-json\/wp\/v2\/media?parent=4842"}],"wp:term":[{"taxonomy":"category","embeddable":true,"href":"https:\/\/www.saloanoticias.com\/v1\/wp-json\/wp\/v2\/categories?post=4842"},{"taxonomy":"post_tag","embeddable":true,"href":"https:\/\/www.saloanoticias.com\/v1\/wp-json\/wp\/v2\/tags?post=4842"}],"curies":[{"name":"wp","href":"https:\/\/api.w.org\/{rel}","templated":true}]}}