{"id":4839,"date":"2018-08-15T00:06:05","date_gmt":"2018-08-15T00:06:05","guid":{"rendered":"https:\/\/saloanoticias.com\/v1\/?p=4839"},"modified":"2018-08-15T00:29:17","modified_gmt":"2018-08-15T00:29:17","slug":"danilo-preside-sessao-na-camara-e-e-contra-cortes-na-educacao","status":"publish","type":"post","link":"https:\/\/www.saloanoticias.com\/v1\/danilo-preside-sessao-na-camara-e-e-contra-cortes-na-educacao\/","title":{"rendered":"DANILO PRESIDE SESS\u00c3O NA C\u00c2MARA E \u00c9 CONTRA CORTES NA EDUCA\u00c7\u00c3O"},"content":{"rendered":"<p style=\"text-align: justify; margin: 0cm 0cm 7.5pt 0cm;\"><span style=\"font-family: 'Arial','sans-serif'; color: #333333;\"><img loading=\"lazy\" decoding=\"async\" width=\"2003\" height=\"1312\" class=\"aligncenter size-full wp-image-4852\" src=\"https:\/\/saloanoticias.com\/v1\/wp-content\/uploads\/2018\/08\/danilo-deputado-2.jpg\" alt=\"\" srcset=\"https:\/\/www.saloanoticias.com\/v1\/wp-content\/uploads\/2018\/08\/danilo-deputado-2.jpg 2003w, https:\/\/www.saloanoticias.com\/v1\/wp-content\/uploads\/2018\/08\/danilo-deputado-2-300x197.jpg 300w, https:\/\/www.saloanoticias.com\/v1\/wp-content\/uploads\/2018\/08\/danilo-deputado-2-1024x671.jpg 1024w, https:\/\/www.saloanoticias.com\/v1\/wp-content\/uploads\/2018\/08\/danilo-deputado-2-768x503.jpg 768w, https:\/\/www.saloanoticias.com\/v1\/wp-content\/uploads\/2018\/08\/danilo-deputado-2-1536x1006.jpg 1536w\" sizes=\"auto, (max-width: 2003px) 100vw, 2003px\" \/>A Comiss\u00e3o de Educa\u00e7\u00e3o da C\u00e2mara Federal recebeu, hoje, o ministro do Planejamento, Esteves Colnago. A reuni\u00e3o, presidida pelo presidente do colegiado, Danilo Cabral (PSB), buscou debater os constantes cortes no or\u00e7amento da educa\u00e7\u00e3o. Na presen\u00e7a de representantes de movimentos estudantis, parlamentares questionaram as redu\u00e7\u00f5es no or\u00e7amento e pediram a san\u00e7\u00e3o imediata da Lei de Diretrizes Or\u00e7ament\u00e1rias (LDO) 2019.<\/span><\/p>\n<p style=\"text-align: start; box-sizing: border-box; font-variant-ligatures: normal; font-variant-caps: normal; orphans: 2; widows: 2; -webkit-text-stroke-width: 0px; text-decoration-style: initial; text-decoration-color: initial; word-spacing: 0px; margin: 0cm 0cm 7.5pt 0cm;\"><span style=\"font-family: 'Arial','sans-serif'; color: #333333;\">Para Danilo Cabral, \u201ch\u00e1 ind\u00edcios que os dispositivos da LDO sejam vetados pelo presidente Temer, e n\u00e3o vamos aceitar\u201d. Ele se refere aos trechos da lei que estabelece a corre\u00e7\u00e3o inflacion\u00e1ria do or\u00e7amento da educa\u00e7\u00e3o, garantindo R$ 5 bilh\u00f5es mais para o setor, e que assegura \u00e0s universidades terem receitas pr\u00f3prias sem a obriga\u00e7\u00e3o de devolu\u00e7\u00e3o ao Tesouro. Este \u00faltimo \u00e9 de autoria de Danilo Cabral. \u201cN\u00e3o podemos permitir que tais instrumentos sejam destinados \u00e0 conta \u00fanica da Uni\u00e3o\u201d, explica o parlamentar.<\/span><\/p>\n<p style=\"text-align: start; box-sizing: border-box; font-variant-ligatures: normal; font-variant-caps: normal; orphans: 2; widows: 2; -webkit-text-stroke-width: 0px; text-decoration-style: initial; text-decoration-color: initial; word-spacing: 0px; margin: 0cm 0cm 7.5pt 0cm;\"><span style=\"font-family: 'Arial','sans-serif'; color: #333333;\">Na data limite para a san\u00e7\u00e3o da LDO, o ministro do Planejamento, Esteves Colnago, afirmou que o or\u00e7amento da educa\u00e7\u00e3o vai crescer em 2019. \u201cAgora, a composi\u00e7\u00e3o dele n\u00e3o sei como vai ser. Talvez eu tenha alguma limita\u00e7\u00e3o da despesa discricion\u00e1ria\u201d, acrescentou. Colnago n\u00e3o respondeu se haver\u00e1, ou n\u00e3o, cortes nas bolsas de pesquisa.<\/span><\/p>\n<p style=\"text-align: start; box-sizing: border-box; font-variant-ligatures: normal; font-variant-caps: normal; orphans: 2; widows: 2; -webkit-text-stroke-width: 0px; text-decoration-style: initial; text-decoration-color: initial; word-spacing: 0px; margin: 0cm 0cm 7.5pt 0cm;\"><span style=\"font-family: 'Arial','sans-serif'; color: #333333;\">Na semana passada, a Comiss\u00e3o de Educa\u00e7\u00e3o aprovou uma proposta de mo\u00e7\u00e3o que rejeita os poss\u00edveis vetos \u00e0 LDO que atingem o or\u00e7amento de 2019 para educa\u00e7\u00e3o. A mo\u00e7\u00e3o explica que a medida tem como foco central a retirada dos patamares m\u00ednimos de investimentos na sa\u00fade e na educa\u00e7\u00e3o, que na vis\u00e3o do atual governo representam um entrave para nova pol\u00edtica fiscal.<\/span><\/p>\n<p style=\"text-align: start; box-sizing: border-box; font-variant-ligatures: normal; font-variant-caps: normal; orphans: 2; widows: 2; -webkit-text-stroke-width: 0px; text-decoration-style: initial; text-decoration-color: initial; word-spacing: 0px; margin: 0cm 0cm 7.5pt 0cm;\"><span style=\"font-family: 'Arial','sans-serif'; color: #333333;\">De acordo com Danilo, o governo do presidente Temer j\u00e1 reduziu o or\u00e7amento de programas importantes, como de assist\u00eancia estudantil das universidades, do Fies, do Ci\u00eancia sem Fronteiras. &#8220;Os cortes na \u00e1rea de pesquisa do Brasil representam mais um golpe contra a educa\u00e7\u00e3o p\u00fablica brasileira. A PEC do Teto dos Gastos j\u00e1 gerou efeitos devastadores para a educa\u00e7\u00e3o\u201d, defende.<\/span><\/p>\n<p style=\"text-align: start; box-sizing: border-box; font-variant-ligatures: normal; font-variant-caps: normal; orphans: 2; widows: 2; -webkit-text-stroke-width: 0px; text-decoration-style: initial; text-decoration-color: initial; word-spacing: 0px; margin: 0cm 0cm 7.5pt 0cm;\"><span style=\"font-family: 'Arial','sans-serif'; color: #333333;\">Al\u00e9m dos parlamentares, estiveram presentes representantes dos movimentos estudantis. A presidente da Uni\u00e3o Nacional dos Estudantes (UNE), Marianna Dias, tamb\u00e9m refor\u00e7ou seu apoio aos questionamentos do presidente da Comiss\u00e3o.<\/span><\/p>\n<p style=\"text-align: start; box-sizing: border-box; font-variant-ligatures: normal; font-variant-caps: normal; orphans: 2; widows: 2; -webkit-text-stroke-width: 0px; text-decoration-style: initial; text-decoration-color: initial; word-spacing: 0px; margin: 0cm 0cm 7.5pt 0cm;\"><span style=\"font-family: 'Arial','sans-serif';\">\u00a0<\/span><\/p>\n<div style=\"margin-top: 0px; margin-bottom: 0px;\" class=\"sharethis-inline-share-buttons\" ><\/div>","protected":false},"excerpt":{"rendered":"<p>A Comiss\u00e3o de Educa\u00e7\u00e3o da C\u00e2mara Federal recebeu, hoje, o ministro do Planejamento, Esteves Colnago. A reuni\u00e3o, presidida pelo presidente do colegiado, Danilo Cabral (PSB), buscou debater os constantes cortes no or\u00e7amento da educa\u00e7\u00e3o. Na presen\u00e7a de representantes de movimentos estudantis, parlamentares questionaram as redu\u00e7\u00f5es no or\u00e7amento e pediram a san\u00e7\u00e3o imediata da Lei de [&hellip;]<\/p>\n","protected":false},"author":2,"featured_media":4840,"comment_status":"open","ping_status":"open","sticky":false,"template":"","format":"standard","meta":{"footnotes":""},"categories":[2],"tags":[],"class_list":["post-4839","post","type-post","status-publish","format-standard","has-post-thumbnail","hentry","category-noticias-do-dia"],"_links":{"self":[{"href":"https:\/\/www.saloanoticias.com\/v1\/wp-json\/wp\/v2\/posts\/4839","targetHints":{"allow":["GET"]}}],"collection":[{"href":"https:\/\/www.saloanoticias.com\/v1\/wp-json\/wp\/v2\/posts"}],"about":[{"href":"https:\/\/www.saloanoticias.com\/v1\/wp-json\/wp\/v2\/types\/post"}],"author":[{"embeddable":true,"href":"https:\/\/www.saloanoticias.com\/v1\/wp-json\/wp\/v2\/users\/2"}],"replies":[{"embeddable":true,"href":"https:\/\/www.saloanoticias.com\/v1\/wp-json\/wp\/v2\/comments?post=4839"}],"version-history":[{"count":4,"href":"https:\/\/www.saloanoticias.com\/v1\/wp-json\/wp\/v2\/posts\/4839\/revisions"}],"predecessor-version":[{"id":4853,"href":"https:\/\/www.saloanoticias.com\/v1\/wp-json\/wp\/v2\/posts\/4839\/revisions\/4853"}],"wp:featuredmedia":[{"embeddable":true,"href":"https:\/\/www.saloanoticias.com\/v1\/wp-json\/wp\/v2\/media\/4840"}],"wp:attachment":[{"href":"https:\/\/www.saloanoticias.com\/v1\/wp-json\/wp\/v2\/media?parent=4839"}],"wp:term":[{"taxonomy":"category","embeddable":true,"href":"https:\/\/www.saloanoticias.com\/v1\/wp-json\/wp\/v2\/categories?post=4839"},{"taxonomy":"post_tag","embeddable":true,"href":"https:\/\/www.saloanoticias.com\/v1\/wp-json\/wp\/v2\/tags?post=4839"}],"curies":[{"name":"wp","href":"https:\/\/api.w.org\/{rel}","templated":true}]}}