{"id":4826,"date":"2018-08-14T23:38:30","date_gmt":"2018-08-14T23:38:30","guid":{"rendered":"https:\/\/saloanoticias.com\/v1\/?p=4826"},"modified":"2018-08-15T00:01:42","modified_gmt":"2018-08-15T00:01:42","slug":"ricardo-alves-entrega-fardamentos-aos-garis-de-salo","status":"publish","type":"post","link":"https:\/\/www.saloanoticias.com\/v1\/ricardo-alves-entrega-fardamentos-aos-garis-de-salo\/","title":{"rendered":"RICARDO ALVES ENTREGA FARDAMENTOS AOS GARIS DE SALO\u00c1"},"content":{"rendered":"<p><img loading=\"lazy\" decoding=\"async\" width=\"1600\" height=\"900\" class=\"aligncenter size-full wp-image-4837\" src=\"https:\/\/saloanoticias.com\/v1\/wp-content\/uploads\/2018\/08\/fardamentos-saloa-2.jpg\" alt=\"\" srcset=\"https:\/\/www.saloanoticias.com\/v1\/wp-content\/uploads\/2018\/08\/fardamentos-saloa-2.jpg 1600w, https:\/\/www.saloanoticias.com\/v1\/wp-content\/uploads\/2018\/08\/fardamentos-saloa-2-300x169.jpg 300w, https:\/\/www.saloanoticias.com\/v1\/wp-content\/uploads\/2018\/08\/fardamentos-saloa-2-1024x576.jpg 1024w, https:\/\/www.saloanoticias.com\/v1\/wp-content\/uploads\/2018\/08\/fardamentos-saloa-2-768x432.jpg 768w, https:\/\/www.saloanoticias.com\/v1\/wp-content\/uploads\/2018\/08\/fardamentos-saloa-2-1536x864.jpg 1536w\" sizes=\"auto, (max-width: 1600px) 100vw, 1600px\" \/>Na manh\u00e3 desta ter\u00e7a-feira (14\/08), o Prefeito Ricardo Alves (MDB) realizou a entrega de uniformes para os garis do munic\u00edpio. A Administra\u00e7\u00e3o Municipal se destaca quando o quesito \u00e9 humaniza\u00e7\u00e3o e bem-estar dos servidores. E umas das formas de garantir esse benef\u00edcio \u00e9 o reconhecimento do trabalho \u00e1rduo e essencial que os profissionais da limpeza p\u00fablica exercem no dia a dia.<\/p>\n<p><img loading=\"lazy\" decoding=\"async\" width=\"1600\" height=\"900\" class=\"aligncenter size-full wp-image-4828\" src=\"https:\/\/saloanoticias.com\/v1\/wp-content\/uploads\/2018\/08\/farda-garis.jpg\" alt=\"\" srcset=\"https:\/\/www.saloanoticias.com\/v1\/wp-content\/uploads\/2018\/08\/farda-garis.jpg 1600w, https:\/\/www.saloanoticias.com\/v1\/wp-content\/uploads\/2018\/08\/farda-garis-300x169.jpg 300w, https:\/\/www.saloanoticias.com\/v1\/wp-content\/uploads\/2018\/08\/farda-garis-1024x576.jpg 1024w, https:\/\/www.saloanoticias.com\/v1\/wp-content\/uploads\/2018\/08\/farda-garis-768x432.jpg 768w, https:\/\/www.saloanoticias.com\/v1\/wp-content\/uploads\/2018\/08\/farda-garis-1536x864.jpg 1536w\" sizes=\"auto, (max-width: 1600px) 100vw, 1600px\" \/><\/p>\n<p>\u201cCom a entrega dos novos uniformes aos servidores respons\u00e1veis pela limpeza p\u00fablica municipal, garantiremos maior seguran\u00e7a e humaniza\u00e7\u00e3o a esses profissionais, pois eles s\u00e3o colaboradores fundamentais para que tenhamos uma cidade limpa e, sobretudo, saud\u00e1vel\u201d, destacou o Prefeito Ricardo. Mais de 60 funcion\u00e1rios foram beneficiados com os conjuntos que incluem: um conjunto de uniforme com faixa refletiva, cal\u00e7a e blusa de manga longa, um bon\u00e9, botas, um repelente e um protetor solar.<\/p>\n<p><img loading=\"lazy\" decoding=\"async\" width=\"1600\" height=\"900\" class=\"aligncenter size-full wp-image-4830\" src=\"https:\/\/saloanoticias.com\/v1\/wp-content\/uploads\/2018\/08\/ricardo-fardamentos.jpg\" alt=\"\" srcset=\"https:\/\/www.saloanoticias.com\/v1\/wp-content\/uploads\/2018\/08\/ricardo-fardamentos.jpg 1600w, https:\/\/www.saloanoticias.com\/v1\/wp-content\/uploads\/2018\/08\/ricardo-fardamentos-300x169.jpg 300w, https:\/\/www.saloanoticias.com\/v1\/wp-content\/uploads\/2018\/08\/ricardo-fardamentos-1024x576.jpg 1024w, https:\/\/www.saloanoticias.com\/v1\/wp-content\/uploads\/2018\/08\/ricardo-fardamentos-768x432.jpg 768w, https:\/\/www.saloanoticias.com\/v1\/wp-content\/uploads\/2018\/08\/ricardo-fardamentos-1536x864.jpg 1536w\" sizes=\"auto, (max-width: 1600px) 100vw, 1600px\" \/><\/p>\n<p>&nbsp;<\/p>\n<div style=\"margin-top: 0px; margin-bottom: 0px;\" class=\"sharethis-inline-share-buttons\" ><\/div>","protected":false},"excerpt":{"rendered":"<p>Na manh\u00e3 desta ter\u00e7a-feira (14\/08), o Prefeito Ricardo Alves (MDB) realizou a entrega de uniformes para os garis do munic\u00edpio. A Administra\u00e7\u00e3o Municipal se destaca quando o quesito \u00e9 humaniza\u00e7\u00e3o e bem-estar dos servidores. E umas das formas de garantir esse benef\u00edcio \u00e9 o reconhecimento do trabalho \u00e1rduo e essencial que os profissionais da limpeza [&hellip;]<\/p>\n","protected":false},"author":2,"featured_media":4836,"comment_status":"open","ping_status":"open","sticky":false,"template":"","format":"standard","meta":{"footnotes":""},"categories":[2],"tags":[],"class_list":["post-4826","post","type-post","status-publish","format-standard","has-post-thumbnail","hentry","category-noticias-do-dia"],"_links":{"self":[{"href":"https:\/\/www.saloanoticias.com\/v1\/wp-json\/wp\/v2\/posts\/4826","targetHints":{"allow":["GET"]}}],"collection":[{"href":"https:\/\/www.saloanoticias.com\/v1\/wp-json\/wp\/v2\/posts"}],"about":[{"href":"https:\/\/www.saloanoticias.com\/v1\/wp-json\/wp\/v2\/types\/post"}],"author":[{"embeddable":true,"href":"https:\/\/www.saloanoticias.com\/v1\/wp-json\/wp\/v2\/users\/2"}],"replies":[{"embeddable":true,"href":"https:\/\/www.saloanoticias.com\/v1\/wp-json\/wp\/v2\/comments?post=4826"}],"version-history":[{"count":6,"href":"https:\/\/www.saloanoticias.com\/v1\/wp-json\/wp\/v2\/posts\/4826\/revisions"}],"predecessor-version":[{"id":4838,"href":"https:\/\/www.saloanoticias.com\/v1\/wp-json\/wp\/v2\/posts\/4826\/revisions\/4838"}],"wp:featuredmedia":[{"embeddable":true,"href":"https:\/\/www.saloanoticias.com\/v1\/wp-json\/wp\/v2\/media\/4836"}],"wp:attachment":[{"href":"https:\/\/www.saloanoticias.com\/v1\/wp-json\/wp\/v2\/media?parent=4826"}],"wp:term":[{"taxonomy":"category","embeddable":true,"href":"https:\/\/www.saloanoticias.com\/v1\/wp-json\/wp\/v2\/categories?post=4826"},{"taxonomy":"post_tag","embeddable":true,"href":"https:\/\/www.saloanoticias.com\/v1\/wp-json\/wp\/v2\/tags?post=4826"}],"curies":[{"name":"wp","href":"https:\/\/api.w.org\/{rel}","templated":true}]}}