{"id":4819,"date":"2018-08-14T01:46:28","date_gmt":"2018-08-14T01:46:28","guid":{"rendered":"https:\/\/saloanoticias.com\/v1\/?p=4819"},"modified":"2018-08-14T01:51:09","modified_gmt":"2018-08-14T01:51:09","slug":"iati-mais-de-10-mil-pessoas-prestigiam-o-novo-motocross","status":"publish","type":"post","link":"https:\/\/www.saloanoticias.com\/v1\/iati-mais-de-10-mil-pessoas-prestigiam-o-novo-motocross\/","title":{"rendered":"IAT\u00cd\/PE: MAIS DE 10 MIL PESSOAS PRESTIGIAM O NOVO MOTOCROSS"},"content":{"rendered":"<p><img loading=\"lazy\" decoding=\"async\" class=\" wp-image-4820 aligncenter\" src=\"https:\/\/saloanoticias.com\/v1\/wp-content\/uploads\/2018\/08\/iati-motocross.jpg\" alt=\"\" width=\"975\" height=\"731\" srcset=\"https:\/\/www.saloanoticias.com\/v1\/wp-content\/uploads\/2018\/08\/iati-motocross.jpg 400w, https:\/\/www.saloanoticias.com\/v1\/wp-content\/uploads\/2018\/08\/iati-motocross-300x225.jpg 300w\" sizes=\"auto, (max-width: 975px) 100vw, 975px\" \/>Mais de 10 mil pessoas lotaram completamente o centro de Iati, neste domingo, 12 de agosto, no encerramento das competi\u00e7\u00f5es e da festa do Novo Motocross, uma realiza\u00e7\u00e3o do Governo Municipal. A multid\u00e3o realmente impressionou quem esteve presente e o prefeito Tonho de Lula, satisfeito com o \u00eaxito do evento, agradeceu a colabora\u00e7\u00e3o da equipe, a participa\u00e7\u00e3o das pessoas de Iati e munic\u00edpios vizinhos, salientando que \u201ca festa foi realizada sobretudo para os jovens\u201d. <em>Fonte: Blog do Roberto Almeida<\/em><\/p>\n<p><img loading=\"lazy\" decoding=\"async\" class=\"aligncenter wp-image-4821\" src=\"https:\/\/saloanoticias.com\/v1\/wp-content\/uploads\/2018\/08\/iati-pe-motocross.jpg\" alt=\"\" width=\"967\" height=\"725\" srcset=\"https:\/\/www.saloanoticias.com\/v1\/wp-content\/uploads\/2018\/08\/iati-pe-motocross.jpg 400w, https:\/\/www.saloanoticias.com\/v1\/wp-content\/uploads\/2018\/08\/iati-pe-motocross-300x225.jpg 300w\" sizes=\"auto, (max-width: 967px) 100vw, 967px\" \/><\/p>\n<p>&nbsp;<\/p>\n<div style=\"margin-top: 0px; margin-bottom: 0px;\" class=\"sharethis-inline-share-buttons\" ><\/div>","protected":false},"excerpt":{"rendered":"<p>Mais de 10 mil pessoas lotaram completamente o centro de Iati, neste domingo, 12 de agosto, no encerramento das competi\u00e7\u00f5es e da festa do Novo Motocross, uma realiza\u00e7\u00e3o do Governo Municipal. A multid\u00e3o realmente impressionou quem esteve presente e o prefeito Tonho de Lula, satisfeito com o \u00eaxito do evento, agradeceu a colabora\u00e7\u00e3o da equipe, [&hellip;]<\/p>\n","protected":false},"author":2,"featured_media":4823,"comment_status":"open","ping_status":"open","sticky":false,"template":"","format":"standard","meta":{"footnotes":""},"categories":[2],"tags":[],"class_list":["post-4819","post","type-post","status-publish","format-standard","has-post-thumbnail","hentry","category-noticias-do-dia"],"_links":{"self":[{"href":"https:\/\/www.saloanoticias.com\/v1\/wp-json\/wp\/v2\/posts\/4819","targetHints":{"allow":["GET"]}}],"collection":[{"href":"https:\/\/www.saloanoticias.com\/v1\/wp-json\/wp\/v2\/posts"}],"about":[{"href":"https:\/\/www.saloanoticias.com\/v1\/wp-json\/wp\/v2\/types\/post"}],"author":[{"embeddable":true,"href":"https:\/\/www.saloanoticias.com\/v1\/wp-json\/wp\/v2\/users\/2"}],"replies":[{"embeddable":true,"href":"https:\/\/www.saloanoticias.com\/v1\/wp-json\/wp\/v2\/comments?post=4819"}],"version-history":[{"count":3,"href":"https:\/\/www.saloanoticias.com\/v1\/wp-json\/wp\/v2\/posts\/4819\/revisions"}],"predecessor-version":[{"id":4825,"href":"https:\/\/www.saloanoticias.com\/v1\/wp-json\/wp\/v2\/posts\/4819\/revisions\/4825"}],"wp:featuredmedia":[{"embeddable":true,"href":"https:\/\/www.saloanoticias.com\/v1\/wp-json\/wp\/v2\/media\/4823"}],"wp:attachment":[{"href":"https:\/\/www.saloanoticias.com\/v1\/wp-json\/wp\/v2\/media?parent=4819"}],"wp:term":[{"taxonomy":"category","embeddable":true,"href":"https:\/\/www.saloanoticias.com\/v1\/wp-json\/wp\/v2\/categories?post=4819"},{"taxonomy":"post_tag","embeddable":true,"href":"https:\/\/www.saloanoticias.com\/v1\/wp-json\/wp\/v2\/tags?post=4819"}],"curies":[{"name":"wp","href":"https:\/\/api.w.org\/{rel}","templated":true}]}}