{"id":4806,"date":"2018-08-13T23:53:29","date_gmt":"2018-08-13T23:53:29","guid":{"rendered":"https:\/\/saloanoticias.com\/v1\/?p=4806"},"modified":"2018-08-14T00:01:38","modified_gmt":"2018-08-14T00:01:38","slug":"grupo-gp-perde-mais-um-apoiador-para-o-grupo-de-ricardo-alves","status":"publish","type":"post","link":"https:\/\/www.saloanoticias.com\/v1\/grupo-gp-perde-mais-um-apoiador-para-o-grupo-de-ricardo-alves\/","title":{"rendered":"&#8220;GRUPO GP&#8221; PERDE MAIS UM APOIADOR PARA O GRUPO DE RICARDO ALVES"},"content":{"rendered":"<p><img loading=\"lazy\" decoding=\"async\" width=\"1280\" height=\"720\" class=\"aligncenter size-full wp-image-4807\" src=\"https:\/\/saloanoticias.com\/v1\/wp-content\/uploads\/2018\/08\/ze-duda-saloa.jpeg\" alt=\"\" srcset=\"https:\/\/www.saloanoticias.com\/v1\/wp-content\/uploads\/2018\/08\/ze-duda-saloa.jpeg 1280w, https:\/\/www.saloanoticias.com\/v1\/wp-content\/uploads\/2018\/08\/ze-duda-saloa-300x169.jpeg 300w, https:\/\/www.saloanoticias.com\/v1\/wp-content\/uploads\/2018\/08\/ze-duda-saloa-1024x576.jpeg 1024w, https:\/\/www.saloanoticias.com\/v1\/wp-content\/uploads\/2018\/08\/ze-duda-saloa-768x432.jpeg 768w\" sizes=\"auto, (max-width: 1280px) 100vw, 1280px\" \/>Mais um que era aliado do ex-prefeito Gilvan Pereira (PTB) adere ao grupo da situa\u00e7\u00e3o. Dessa vez quem decidiu fazer parte da situa\u00e7\u00e3o foi o popular Z\u00e9 Duda, que tamb\u00e9m visitou o prefeito e disse que a partir de agora faz parte do seu grupo pol\u00edtico. A not\u00edcia circulou pela cidade e pegou muita gente de surpresa, j\u00e1 que Z\u00e9 Duda fazia uma das maiores apologias ao Grupo GP, sendo considerado um dos maiores apoiadores daquele grupo.<\/p>\n<p>Como sempre acontece Ricardo Alves o recebeu muito bem em sua resid\u00eancia e se disse feliz em ter mais essa pessoa de uma importante fam\u00edlia da comunidade do s\u00edtio Catimbau no seu lado. Al\u00e9m de estar fazendo uma destacada administra\u00e7\u00e3o o prefeito vem recebendo apoios de v\u00e1rios setores da oposi\u00e7\u00e3o, e isso faz com que o grupo liderado por ele cres\u00e7a cada vez, repercutindo positivamente em todo o Munic\u00edpio. Ricardo vem desenvolvendo um importante trabalho e por isso vem recebendo muitos apoios e elogios de muitos oposicionistas.<\/p>\n<div style=\"margin-top: 0px; margin-bottom: 0px;\" class=\"sharethis-inline-share-buttons\" ><\/div>","protected":false},"excerpt":{"rendered":"<p>Mais um que era aliado do ex-prefeito Gilvan Pereira (PTB) adere ao grupo da situa\u00e7\u00e3o. Dessa vez quem decidiu fazer parte da situa\u00e7\u00e3o foi o popular Z\u00e9 Duda, que tamb\u00e9m visitou o prefeito e disse que a partir de agora faz parte do seu grupo pol\u00edtico. A not\u00edcia circulou pela cidade e pegou muita gente [&hellip;]<\/p>\n","protected":false},"author":2,"featured_media":4807,"comment_status":"open","ping_status":"open","sticky":false,"template":"","format":"standard","meta":{"footnotes":""},"categories":[2],"tags":[],"class_list":["post-4806","post","type-post","status-publish","format-standard","has-post-thumbnail","hentry","category-noticias-do-dia"],"_links":{"self":[{"href":"https:\/\/www.saloanoticias.com\/v1\/wp-json\/wp\/v2\/posts\/4806","targetHints":{"allow":["GET"]}}],"collection":[{"href":"https:\/\/www.saloanoticias.com\/v1\/wp-json\/wp\/v2\/posts"}],"about":[{"href":"https:\/\/www.saloanoticias.com\/v1\/wp-json\/wp\/v2\/types\/post"}],"author":[{"embeddable":true,"href":"https:\/\/www.saloanoticias.com\/v1\/wp-json\/wp\/v2\/users\/2"}],"replies":[{"embeddable":true,"href":"https:\/\/www.saloanoticias.com\/v1\/wp-json\/wp\/v2\/comments?post=4806"}],"version-history":[{"count":11,"href":"https:\/\/www.saloanoticias.com\/v1\/wp-json\/wp\/v2\/posts\/4806\/revisions"}],"predecessor-version":[{"id":4818,"href":"https:\/\/www.saloanoticias.com\/v1\/wp-json\/wp\/v2\/posts\/4806\/revisions\/4818"}],"wp:featuredmedia":[{"embeddable":true,"href":"https:\/\/www.saloanoticias.com\/v1\/wp-json\/wp\/v2\/media\/4807"}],"wp:attachment":[{"href":"https:\/\/www.saloanoticias.com\/v1\/wp-json\/wp\/v2\/media?parent=4806"}],"wp:term":[{"taxonomy":"category","embeddable":true,"href":"https:\/\/www.saloanoticias.com\/v1\/wp-json\/wp\/v2\/categories?post=4806"},{"taxonomy":"post_tag","embeddable":true,"href":"https:\/\/www.saloanoticias.com\/v1\/wp-json\/wp\/v2\/tags?post=4806"}],"curies":[{"name":"wp","href":"https:\/\/api.w.org\/{rel}","templated":true}]}}