{"id":4793,"date":"2018-08-13T12:15:28","date_gmt":"2018-08-13T12:15:28","guid":{"rendered":"https:\/\/saloanoticias.com\/v1\/?p=4793"},"modified":"2018-08-13T14:37:19","modified_gmt":"2018-08-13T14:37:19","slug":"v-link-levara-fibra-otica-para-todos-os-seus-clientes-de-saloa","status":"publish","type":"post","link":"https:\/\/www.saloanoticias.com\/v1\/v-link-levara-fibra-otica-para-todos-os-seus-clientes-de-saloa\/","title":{"rendered":"V LINK LEVAR\u00c1 FIBRA \u00d3TICA PARA TODOS OS SEUS CLIENTES DE SALO\u00c1"},"content":{"rendered":"<p><img loading=\"lazy\" decoding=\"async\" width=\"960\" height=\"540\" class=\"aligncenter size-full wp-image-4794\" src=\"https:\/\/saloanoticias.com\/v1\/wp-content\/uploads\/2018\/08\/v-link-saloa.jpg\" alt=\"\" srcset=\"https:\/\/www.saloanoticias.com\/v1\/wp-content\/uploads\/2018\/08\/v-link-saloa.jpg 960w, https:\/\/www.saloanoticias.com\/v1\/wp-content\/uploads\/2018\/08\/v-link-saloa-300x169.jpg 300w, https:\/\/www.saloanoticias.com\/v1\/wp-content\/uploads\/2018\/08\/v-link-saloa-768x432.jpg 768w\" sizes=\"auto, (max-width: 960px) 100vw, 960px\" \/>O provedor de Intenet V Link com sede na cidade de Salo\u00e1\/PE n\u00e3o para de fazer investimentos para melhorar os seus servi\u00e7os e levar mais qualidade nos seus produtos para toda a regi\u00e3o. Esta semana o empres\u00e1rio Valdijanio Vieira que \u00e9 propriet\u00e1rio do provedor, anunciou que em poucos dias estar\u00e1 levado internet via fibra \u00f3tica para todos os seus clientes, o que proporciona muito mais rapidez nas conex\u00f5es e uma navega\u00e7\u00e3o de \u00f3tima qualidade.<\/p>\n<p><img loading=\"lazy\" decoding=\"async\" width=\"960\" height=\"540\" class=\"aligncenter size-full wp-image-4795\" src=\"https:\/\/saloanoticias.com\/v1\/wp-content\/uploads\/2018\/08\/v-link-saloa-pe.jpg\" alt=\"\" srcset=\"https:\/\/www.saloanoticias.com\/v1\/wp-content\/uploads\/2018\/08\/v-link-saloa-pe.jpg 960w, https:\/\/www.saloanoticias.com\/v1\/wp-content\/uploads\/2018\/08\/v-link-saloa-pe-300x169.jpg 300w, https:\/\/www.saloanoticias.com\/v1\/wp-content\/uploads\/2018\/08\/v-link-saloa-pe-768x432.jpg 768w\" sizes=\"auto, (max-width: 960px) 100vw, 960px\" \/><\/p>\n<p>Pelas informa\u00e7\u00f5es repassadas, apesar do alto investimento deste projeto, os custos para os clientes ser\u00e3o bem acess\u00edveis, ou seja, os clientes ter\u00e3o link\u2019s com alt\u00edssima velocidade, mas com custos que caber\u00e3o no bolso. A V Link presta seus servi\u00e7os de internet em v\u00e1rias cidades, mas Salo\u00e1 ser\u00e1 uma das primeira a ter 100% dos seus clientes sendo atendidos com fibra \u00f3tica. Atualmente a V Link possui uma equipe de t\u00e9cnicos altamente capacitados que promovem atendimentos r\u00e1pidos e eficazes para todos os usu\u00e1rios de internet.<\/p>\n<p><img loading=\"lazy\" decoding=\"async\" width=\"960\" height=\"540\" class=\"aligncenter size-full wp-image-4796\" src=\"https:\/\/saloanoticias.com\/v1\/wp-content\/uploads\/2018\/08\/v-link.jpg\" alt=\"\" srcset=\"https:\/\/www.saloanoticias.com\/v1\/wp-content\/uploads\/2018\/08\/v-link.jpg 960w, https:\/\/www.saloanoticias.com\/v1\/wp-content\/uploads\/2018\/08\/v-link-300x169.jpg 300w, https:\/\/www.saloanoticias.com\/v1\/wp-content\/uploads\/2018\/08\/v-link-768x432.jpg 768w\" sizes=\"auto, (max-width: 960px) 100vw, 960px\" \/><\/p>\n<div style=\"margin-top: 0px; margin-bottom: 0px;\" class=\"sharethis-inline-share-buttons\" ><\/div>","protected":false},"excerpt":{"rendered":"<p>O provedor de Intenet V Link com sede na cidade de Salo\u00e1\/PE n\u00e3o para de fazer investimentos para melhorar os seus servi\u00e7os e levar mais qualidade nos seus produtos para toda a regi\u00e3o. Esta semana o empres\u00e1rio Valdijanio Vieira que \u00e9 propriet\u00e1rio do provedor, anunciou que em poucos dias estar\u00e1 levado internet via fibra \u00f3tica [&hellip;]<\/p>\n","protected":false},"author":2,"featured_media":4794,"comment_status":"open","ping_status":"open","sticky":false,"template":"","format":"standard","meta":{"footnotes":""},"categories":[2],"tags":[],"class_list":["post-4793","post","type-post","status-publish","format-standard","has-post-thumbnail","hentry","category-noticias-do-dia"],"_links":{"self":[{"href":"https:\/\/www.saloanoticias.com\/v1\/wp-json\/wp\/v2\/posts\/4793","targetHints":{"allow":["GET"]}}],"collection":[{"href":"https:\/\/www.saloanoticias.com\/v1\/wp-json\/wp\/v2\/posts"}],"about":[{"href":"https:\/\/www.saloanoticias.com\/v1\/wp-json\/wp\/v2\/types\/post"}],"author":[{"embeddable":true,"href":"https:\/\/www.saloanoticias.com\/v1\/wp-json\/wp\/v2\/users\/2"}],"replies":[{"embeddable":true,"href":"https:\/\/www.saloanoticias.com\/v1\/wp-json\/wp\/v2\/comments?post=4793"}],"version-history":[{"count":2,"href":"https:\/\/www.saloanoticias.com\/v1\/wp-json\/wp\/v2\/posts\/4793\/revisions"}],"predecessor-version":[{"id":4804,"href":"https:\/\/www.saloanoticias.com\/v1\/wp-json\/wp\/v2\/posts\/4793\/revisions\/4804"}],"wp:featuredmedia":[{"embeddable":true,"href":"https:\/\/www.saloanoticias.com\/v1\/wp-json\/wp\/v2\/media\/4794"}],"wp:attachment":[{"href":"https:\/\/www.saloanoticias.com\/v1\/wp-json\/wp\/v2\/media?parent=4793"}],"wp:term":[{"taxonomy":"category","embeddable":true,"href":"https:\/\/www.saloanoticias.com\/v1\/wp-json\/wp\/v2\/categories?post=4793"},{"taxonomy":"post_tag","embeddable":true,"href":"https:\/\/www.saloanoticias.com\/v1\/wp-json\/wp\/v2\/tags?post=4793"}],"curies":[{"name":"wp","href":"https:\/\/api.w.org\/{rel}","templated":true}]}}