{"id":4784,"date":"2018-08-13T01:05:24","date_gmt":"2018-08-13T01:05:24","guid":{"rendered":"https:\/\/saloanoticias.com\/v1\/?p=4784"},"modified":"2018-08-13T01:11:31","modified_gmt":"2018-08-13T01:11:31","slug":"moita-comocao-no-sepultamento-do-policial-weverton-cesar","status":"publish","type":"post","link":"https:\/\/www.saloanoticias.com\/v1\/moita-comocao-no-sepultamento-do-policial-weverton-cesar\/","title":{"rendered":"MUITA COMO\u00c7\u00c3O NO SEPULTAMENTO DO POLICIAL WEVERTON C\u00c9SAR"},"content":{"rendered":"<p><img loading=\"lazy\" decoding=\"async\" width=\"1600\" height=\"1018\" class=\"aligncenter size-full wp-image-4785\" src=\"https:\/\/saloanoticias.com\/v1\/wp-content\/uploads\/2018\/08\/weverton-cesar-sepultamento.jpeg\" alt=\"\" srcset=\"https:\/\/www.saloanoticias.com\/v1\/wp-content\/uploads\/2018\/08\/weverton-cesar-sepultamento.jpeg 1600w, https:\/\/www.saloanoticias.com\/v1\/wp-content\/uploads\/2018\/08\/weverton-cesar-sepultamento-300x191.jpeg 300w, https:\/\/www.saloanoticias.com\/v1\/wp-content\/uploads\/2018\/08\/weverton-cesar-sepultamento-1024x652.jpeg 1024w, https:\/\/www.saloanoticias.com\/v1\/wp-content\/uploads\/2018\/08\/weverton-cesar-sepultamento-768x489.jpeg 768w, https:\/\/www.saloanoticias.com\/v1\/wp-content\/uploads\/2018\/08\/weverton-cesar-sepultamento-1536x977.jpeg 1536w\" sizes=\"auto, (max-width: 1600px) 100vw, 1600px\" \/>Aconteceu no final da tarde deste domingo (12) o sepultamento de Weverton C\u00e9sar, Policial Militar v\u00edtima de um tr\u00e1gico acidente motocicl\u00edstico na tarde deste s\u00e1bado, dia 11 de agosto, nas proximidades do povoado Brejo Velho no Munic\u00edpio de Paranatama\/PE. Milhares de pessoas participaram do vel\u00f3rio e do cortejo f\u00fanebre que parou a cidade de Garanhuns. O clima era de muita como\u00e7\u00e3o e tristeza.<\/p>\n<p>Weverton C\u00e9sar tinha 32 anos e deixou a esposa e um filhinho menor de idade. Segundo as informa\u00e7\u00f5es que circulam na internet, ele teria passado em alta velocidade no segundo quebra molas que fica na BR 423, e teria voado da moto, batendo fortemente a cabe\u00e7a no ch\u00e3o, e mesmo com o capacete sofreu v\u00e1rios traumas. O sepultamento aconteceu no cemit\u00e9rio de S\u00e3o Miguel onde aconteceram muitas homenagens dos PM\u2019s da Rocam.<\/p>\n<p>&nbsp;<\/p>\n<div style=\"margin-top: 0px; margin-bottom: 0px;\" class=\"sharethis-inline-share-buttons\" ><\/div>","protected":false},"excerpt":{"rendered":"<p>Aconteceu no final da tarde deste domingo (12) o sepultamento de Weverton C\u00e9sar, Policial Militar v\u00edtima de um tr\u00e1gico acidente motocicl\u00edstico na tarde deste s\u00e1bado, dia 11 de agosto, nas proximidades do povoado Brejo Velho no Munic\u00edpio de Paranatama\/PE. Milhares de pessoas participaram do vel\u00f3rio e do cortejo f\u00fanebre que parou a cidade de Garanhuns. [&hellip;]<\/p>\n","protected":false},"author":2,"featured_media":4785,"comment_status":"open","ping_status":"open","sticky":false,"template":"","format":"standard","meta":{"footnotes":""},"categories":[2],"tags":[],"class_list":["post-4784","post","type-post","status-publish","format-standard","has-post-thumbnail","hentry","category-noticias-do-dia"],"_links":{"self":[{"href":"https:\/\/www.saloanoticias.com\/v1\/wp-json\/wp\/v2\/posts\/4784","targetHints":{"allow":["GET"]}}],"collection":[{"href":"https:\/\/www.saloanoticias.com\/v1\/wp-json\/wp\/v2\/posts"}],"about":[{"href":"https:\/\/www.saloanoticias.com\/v1\/wp-json\/wp\/v2\/types\/post"}],"author":[{"embeddable":true,"href":"https:\/\/www.saloanoticias.com\/v1\/wp-json\/wp\/v2\/users\/2"}],"replies":[{"embeddable":true,"href":"https:\/\/www.saloanoticias.com\/v1\/wp-json\/wp\/v2\/comments?post=4784"}],"version-history":[{"count":6,"href":"https:\/\/www.saloanoticias.com\/v1\/wp-json\/wp\/v2\/posts\/4784\/revisions"}],"predecessor-version":[{"id":4791,"href":"https:\/\/www.saloanoticias.com\/v1\/wp-json\/wp\/v2\/posts\/4784\/revisions\/4791"}],"wp:featuredmedia":[{"embeddable":true,"href":"https:\/\/www.saloanoticias.com\/v1\/wp-json\/wp\/v2\/media\/4785"}],"wp:attachment":[{"href":"https:\/\/www.saloanoticias.com\/v1\/wp-json\/wp\/v2\/media?parent=4784"}],"wp:term":[{"taxonomy":"category","embeddable":true,"href":"https:\/\/www.saloanoticias.com\/v1\/wp-json\/wp\/v2\/categories?post=4784"},{"taxonomy":"post_tag","embeddable":true,"href":"https:\/\/www.saloanoticias.com\/v1\/wp-json\/wp\/v2\/tags?post=4784"}],"curies":[{"name":"wp","href":"https:\/\/api.w.org\/{rel}","templated":true}]}}