{"id":4779,"date":"2018-08-13T00:48:12","date_gmt":"2018-08-13T00:48:12","guid":{"rendered":"https:\/\/saloanoticias.com\/v1\/?p=4779"},"modified":"2018-08-13T00:51:04","modified_gmt":"2018-08-13T00:51:04","slug":"paulo-camara-demonstra-forca-politica-no-agreste","status":"publish","type":"post","link":"https:\/\/www.saloanoticias.com\/v1\/paulo-camara-demonstra-forca-politica-no-agreste\/","title":{"rendered":"PAULO C\u00c2MARA DEMONSTRA FOR\u00c7A POL\u00cdTICA NO AGRESTE MERIDIONAL"},"content":{"rendered":"<p><img loading=\"lazy\" decoding=\"async\" class=\"aligncenter wp-image-4780\" src=\"https:\/\/saloanoticias.com\/v1\/wp-content\/uploads\/2018\/08\/paulo-camara.jpg\" alt=\"\" width=\"965\" height=\"643\" srcset=\"https:\/\/www.saloanoticias.com\/v1\/wp-content\/uploads\/2018\/08\/paulo-camara.jpg 768w, https:\/\/www.saloanoticias.com\/v1\/wp-content\/uploads\/2018\/08\/paulo-camara-300x200.jpg 300w\" sizes=\"auto, (max-width: 965px) 100vw, 965px\" \/>S\u00c3O BENTO DO UNA &#8211; Encerrando uma extensa agenda de compromissos partid\u00e1rios no Agreste e Sert\u00e3o, o governador e candidato \u00e0 reelei\u00e7\u00e3o Paulo C\u00e2mara (PSB) participou, no fim da tarde do\u00a0s\u00e1bado (11), de mais uma edi\u00e7\u00e3o do Prosa Pol\u00edtica. Desta vez, o munic\u00edpio de S\u00e3o Bento do Una foi palco para o encontro de diversas lideran\u00e7as pol\u00edticas da regi\u00e3o, que contou com a participa\u00e7\u00e3o de 16 prefeitos de diversos partidos, al\u00e9m de vice-prefeitos e vereadores. O encontro, liderado pela prefeita D\u00e9bora Almeida (PSB), foi realizado na casa de eventos Una Hall e contou com mais de 1,5 mil pessoas.<\/p>\n<p>Al\u00e9m de D\u00e9bora Almeida, tamb\u00e9m se reuniram com Paulo C\u00e2mara os prefeitos de Lagoa dos Gatos, Misso de Amparo (PDT); Jupi, Marcos Patriota (DEM); Cachoeirinha, Uilas Leal (PSB), \u00c1guas Belas, Luiz Aroldo (PT), Angelim, Douglas Duarte (PSB); Altinho, Orlando Jos\u00e9 (PSB), Paranatama, Valmir do Leite (PSB); Brej\u00e3o, Beta Cadengue (PSB); Jucati, Ednaldo Peixoto (PSB); Cal\u00e7ado, Nogueira (PP); Po\u00e7\u00e3o, Merson (PMDB); Palmeirina, Marcelo Neves (PSB); Jurema, Aguinaldo In\u00e1cio (PR); Pedra, Os\u00f3rio Filho (PSB); e Sanhar\u00f3, Heraldo de Sid\u00f4nio (PSB).<\/p>\n<p>Na ocasi\u00e3o, Paulo C\u00e2mara destacou a relev\u00e2ncia do conjunto de lideran\u00e7as pol\u00edticas que lhe d\u00e3o apoio, refor\u00e7ando a import\u00e2ncia da unidade da Frente Popular para a continuidade dos avan\u00e7os em Pernambuco. \u201c\u00c9 importante a gente saber que o nosso time est\u00e1 unido. Quero agradecer a voc\u00eas por estarem aqui num s\u00e1bado \u00e0 tarde e dizer claramente que confio em voc\u00eas. A gente vai ter oportunidade de mostrar tudo que a gente fez em Pernambuco, a gente vai ganhar e vamos continuar avan\u00e7ando\u201d, afirmou o l\u00edder socialista.<\/p>\n<p>Candidato ao Senado pela Frente Popular, o senador Humberto Costa (PT)\u00a0 acompanhou toda a agenda deste s\u00e1bado ao lado de Paulo C\u00e2mara. Ele destacou a capacidade de articula\u00e7\u00e3o do gestor. \u201cO governador Paulo C\u00e2mara foi, durante muito tempo, caracterizado como t\u00e9cnico, mas ele nos mostrou sua capacidade de articula\u00e7\u00e3o pol\u00edtica. Ele construiu uma\u00a0 alian\u00e7a que h\u00e1 algum tempo ningu\u00e9m imaginava e isso aconteceu porque ele teve grandeza e perseveran\u00e7a e tamb\u00e9m porque fez um grande governo\u201d, pontuou.<\/p>\n<p>Debora Almeida destacou o empenho e seriedade de Paulo C\u00e2mara, que conseguiu tirar do papel projetos importantes para Pernambuco em um momento de crise nacional. \u201c\u00c9 bom ser bom na fartura, mas ser bom no ruim \u00e9 dif\u00edcil. O governador conseguiu construir um bom governo com o p\u00e9 no ch\u00e3o. Ser gestor \u00e9 pra quem tem coragem de olhar no olho e dizer a verdade e foi isso que Paulo fez\u201d, destacou.<\/p>\n<p>O ato ainda contou com a participa\u00e7\u00e3o da candidata vice-governadora Luciana Santos (PCdoB), dos deputados estaduais Nilton Mota e Laura Gomes, dos candidatos Jo\u00e3o Campos (federal) e Aglailson Victor (Estadual), e os ex-prefeitos Maur\u00edlio (Alagoinha), Joseraldo (Brej\u00e3o), Francisco (Pedra), Galego (Ibirajuba), Jos\u00e9 Elias (Cal\u00e7ado), Sandoval Cadengue (Brej\u00e3o), Reginaldo (S\u00e3o Bento do Una) e Galego (Jurema).<\/p>\n<p>&nbsp;<\/p>\n<div style=\"margin-top: 0px; margin-bottom: 0px;\" class=\"sharethis-inline-share-buttons\" ><\/div>","protected":false},"excerpt":{"rendered":"<p>S\u00c3O BENTO DO UNA &#8211; Encerrando uma extensa agenda de compromissos partid\u00e1rios no Agreste e Sert\u00e3o, o governador e candidato \u00e0 reelei\u00e7\u00e3o Paulo C\u00e2mara (PSB) participou, no fim da tarde do\u00a0s\u00e1bado (11), de mais uma edi\u00e7\u00e3o do Prosa Pol\u00edtica. Desta vez, o munic\u00edpio de S\u00e3o Bento do Una foi palco para o encontro de diversas [&hellip;]<\/p>\n","protected":false},"author":2,"featured_media":4781,"comment_status":"open","ping_status":"open","sticky":false,"template":"","format":"standard","meta":{"footnotes":""},"categories":[2],"tags":[],"class_list":["post-4779","post","type-post","status-publish","format-standard","has-post-thumbnail","hentry","category-noticias-do-dia"],"_links":{"self":[{"href":"https:\/\/www.saloanoticias.com\/v1\/wp-json\/wp\/v2\/posts\/4779","targetHints":{"allow":["GET"]}}],"collection":[{"href":"https:\/\/www.saloanoticias.com\/v1\/wp-json\/wp\/v2\/posts"}],"about":[{"href":"https:\/\/www.saloanoticias.com\/v1\/wp-json\/wp\/v2\/types\/post"}],"author":[{"embeddable":true,"href":"https:\/\/www.saloanoticias.com\/v1\/wp-json\/wp\/v2\/users\/2"}],"replies":[{"embeddable":true,"href":"https:\/\/www.saloanoticias.com\/v1\/wp-json\/wp\/v2\/comments?post=4779"}],"version-history":[{"count":2,"href":"https:\/\/www.saloanoticias.com\/v1\/wp-json\/wp\/v2\/posts\/4779\/revisions"}],"predecessor-version":[{"id":4783,"href":"https:\/\/www.saloanoticias.com\/v1\/wp-json\/wp\/v2\/posts\/4779\/revisions\/4783"}],"wp:featuredmedia":[{"embeddable":true,"href":"https:\/\/www.saloanoticias.com\/v1\/wp-json\/wp\/v2\/media\/4781"}],"wp:attachment":[{"href":"https:\/\/www.saloanoticias.com\/v1\/wp-json\/wp\/v2\/media?parent=4779"}],"wp:term":[{"taxonomy":"category","embeddable":true,"href":"https:\/\/www.saloanoticias.com\/v1\/wp-json\/wp\/v2\/categories?post=4779"},{"taxonomy":"post_tag","embeddable":true,"href":"https:\/\/www.saloanoticias.com\/v1\/wp-json\/wp\/v2\/tags?post=4779"}],"curies":[{"name":"wp","href":"https:\/\/api.w.org\/{rel}","templated":true}]}}