{"id":4770,"date":"2018-08-12T15:23:03","date_gmt":"2018-08-12T15:23:03","guid":{"rendered":"https:\/\/saloanoticias.com\/v1\/?p=4770"},"modified":"2018-08-12T15:34:22","modified_gmt":"2018-08-12T15:34:22","slug":"4770","status":"publish","type":"post","link":"https:\/\/www.saloanoticias.com\/v1\/4770\/","title":{"rendered":"PM EM LUTO: SOLDADO DO 9\u00ba BPM MORRE EM ACIDENTE DE MOTO EM SALO\u00c1"},"content":{"rendered":"<p><img loading=\"lazy\" decoding=\"async\" class=\"aligncenter wp-image-4774\" src=\"https:\/\/saloanoticias.com\/v1\/wp-content\/uploads\/2018\/08\/acidente-weverton.jpg\" alt=\"\" width=\"1067\" height=\"706\" srcset=\"https:\/\/www.saloanoticias.com\/v1\/wp-content\/uploads\/2018\/08\/acidente-weverton.jpg 730w, https:\/\/www.saloanoticias.com\/v1\/wp-content\/uploads\/2018\/08\/acidente-weverton-300x198.jpg 300w\" sizes=\"auto, (max-width: 1067px) 100vw, 1067px\" \/>Um policial do 9\u00ba Batalh\u00e3o de Pol\u00edcia Militar sediado em Garanhuns morreu no final da tarde deste s\u00e1bado, 11 de agosto, em um acidente de moto na BR-423, KM 124,2, nas proximidades da Serra dos Ventos, em Salo\u00e1. Segundo as primeiras informa\u00e7\u00f5es, o soldado Weverton C\u00e9sar Arruda Dias, 33 anos, regressava de moto de Iati em dire\u00e7\u00e3o a Garanhuns com um grupo de amigos quando n\u00e3o viu uma lombada, passou em velocidade e caiu. Ele morreu no local devido aos graves ferimentos. Weverton residia em Garanhuns e era muito bem quisto entre os companheiros de farda. que o consideravam um exemplo de policial. O PM deixa esposa e filho. <em>Fonte: Agreste Violento<\/em><\/p>\n<p><img loading=\"lazy\" decoding=\"async\" class=\"aligncenter wp-image-4771\" src=\"https:\/\/saloanoticias.com\/v1\/wp-content\/uploads\/2018\/08\/acidente-saloa.jpg\" alt=\"\" width=\"1104\" height=\"777\" srcset=\"https:\/\/www.saloanoticias.com\/v1\/wp-content\/uploads\/2018\/08\/acidente-saloa.jpg 730w, https:\/\/www.saloanoticias.com\/v1\/wp-content\/uploads\/2018\/08\/acidente-saloa-300x211.jpg 300w\" sizes=\"auto, (max-width: 1104px) 100vw, 1104px\" \/><\/p>\n<div style=\"margin-top: 0px; margin-bottom: 0px;\" class=\"sharethis-inline-share-buttons\" ><\/div>","protected":false},"excerpt":{"rendered":"<p>Um policial do 9\u00ba Batalh\u00e3o de Pol\u00edcia Militar sediado em Garanhuns morreu no final da tarde deste s\u00e1bado, 11 de agosto, em um acidente de moto na BR-423, KM 124,2, nas proximidades da Serra dos Ventos, em Salo\u00e1. Segundo as primeiras informa\u00e7\u00f5es, o soldado Weverton C\u00e9sar Arruda Dias, 33 anos, regressava de moto de Iati [&hellip;]<\/p>\n","protected":false},"author":2,"featured_media":4777,"comment_status":"open","ping_status":"open","sticky":false,"template":"","format":"standard","meta":{"footnotes":""},"categories":[2],"tags":[],"class_list":["post-4770","post","type-post","status-publish","format-standard","has-post-thumbnail","hentry","category-noticias-do-dia"],"_links":{"self":[{"href":"https:\/\/www.saloanoticias.com\/v1\/wp-json\/wp\/v2\/posts\/4770","targetHints":{"allow":["GET"]}}],"collection":[{"href":"https:\/\/www.saloanoticias.com\/v1\/wp-json\/wp\/v2\/posts"}],"about":[{"href":"https:\/\/www.saloanoticias.com\/v1\/wp-json\/wp\/v2\/types\/post"}],"author":[{"embeddable":true,"href":"https:\/\/www.saloanoticias.com\/v1\/wp-json\/wp\/v2\/users\/2"}],"replies":[{"embeddable":true,"href":"https:\/\/www.saloanoticias.com\/v1\/wp-json\/wp\/v2\/comments?post=4770"}],"version-history":[{"count":4,"href":"https:\/\/www.saloanoticias.com\/v1\/wp-json\/wp\/v2\/posts\/4770\/revisions"}],"predecessor-version":[{"id":4776,"href":"https:\/\/www.saloanoticias.com\/v1\/wp-json\/wp\/v2\/posts\/4770\/revisions\/4776"}],"wp:featuredmedia":[{"embeddable":true,"href":"https:\/\/www.saloanoticias.com\/v1\/wp-json\/wp\/v2\/media\/4777"}],"wp:attachment":[{"href":"https:\/\/www.saloanoticias.com\/v1\/wp-json\/wp\/v2\/media?parent=4770"}],"wp:term":[{"taxonomy":"category","embeddable":true,"href":"https:\/\/www.saloanoticias.com\/v1\/wp-json\/wp\/v2\/categories?post=4770"},{"taxonomy":"post_tag","embeddable":true,"href":"https:\/\/www.saloanoticias.com\/v1\/wp-json\/wp\/v2\/tags?post=4770"}],"curies":[{"name":"wp","href":"https:\/\/api.w.org\/{rel}","templated":true}]}}