{"id":4757,"date":"2018-08-11T21:21:10","date_gmt":"2018-08-11T21:21:10","guid":{"rendered":"https:\/\/saloanoticias.com\/v1\/?p=4757"},"modified":"2018-08-11T21:31:46","modified_gmt":"2018-08-11T21:31:46","slug":"mais-um-grave-acidente-na-serra-do-vento-em-saloa","status":"publish","type":"post","link":"https:\/\/www.saloanoticias.com\/v1\/mais-um-grave-acidente-na-serra-do-vento-em-saloa\/","title":{"rendered":"MAIS UM GRAVE ACIDENTE NA SERRA DO VENTO EM SALO\u00c1"},"content":{"rendered":"<p><img loading=\"lazy\" decoding=\"async\" width=\"1280\" height=\"720\" class=\"aligncenter size-full wp-image-4758\" src=\"https:\/\/saloanoticias.com\/v1\/wp-content\/uploads\/2018\/08\/acidente-serrado-vento-saloa-1.jpeg\" alt=\"\" srcset=\"https:\/\/www.saloanoticias.com\/v1\/wp-content\/uploads\/2018\/08\/acidente-serrado-vento-saloa-1.jpeg 1280w, https:\/\/www.saloanoticias.com\/v1\/wp-content\/uploads\/2018\/08\/acidente-serrado-vento-saloa-1-300x169.jpeg 300w, https:\/\/www.saloanoticias.com\/v1\/wp-content\/uploads\/2018\/08\/acidente-serrado-vento-saloa-1-1024x576.jpeg 1024w, https:\/\/www.saloanoticias.com\/v1\/wp-content\/uploads\/2018\/08\/acidente-serrado-vento-saloa-1-768x432.jpeg 768w\" sizes=\"auto, (max-width: 1280px) 100vw, 1280px\" \/>Mais um grave acidente aconteceu na perigosa Serra do Vento que fica localizada BR 423, pr\u00f3ximo ao s\u00edtio Meladinho na zona rural da cidade de Salo\u00e1\/PE. Desta vez uma carreta de placa CZB-3734 de cor azul tombou e virou j\u00e1 no final da serra derramando na pista milhares de pacotes de macarr\u00e3o instant\u00e2neo (miojo). O acidente aconteceu na tarde de ontem, sexta-feira (10) e parou a rodovia em ambos os sentidos.<\/p>\n<p><img loading=\"lazy\" decoding=\"async\" width=\"1280\" height=\"720\" class=\"aligncenter size-full wp-image-4759\" src=\"https:\/\/saloanoticias.com\/v1\/wp-content\/uploads\/2018\/08\/acidente-serrado-vento-saloa-2.jpeg\" alt=\"\" srcset=\"https:\/\/www.saloanoticias.com\/v1\/wp-content\/uploads\/2018\/08\/acidente-serrado-vento-saloa-2.jpeg 1280w, https:\/\/www.saloanoticias.com\/v1\/wp-content\/uploads\/2018\/08\/acidente-serrado-vento-saloa-2-300x169.jpeg 300w, https:\/\/www.saloanoticias.com\/v1\/wp-content\/uploads\/2018\/08\/acidente-serrado-vento-saloa-2-1024x576.jpeg 1024w, https:\/\/www.saloanoticias.com\/v1\/wp-content\/uploads\/2018\/08\/acidente-serrado-vento-saloa-2-768x432.jpeg 768w\" sizes=\"auto, (max-width: 1280px) 100vw, 1280px\" \/><\/p>\n<p>At\u00e9 o presente momento n\u00e3o chegou \u00e0 reda\u00e7\u00e3o deste Blog a informa\u00e7\u00e3o de v\u00edtimas fatais, mas v\u00e1rios carros de pol\u00edcia estavam no local do acidente desde ontem. Pelo que se sabe via Whattssapp, este foi o sexto acidente ocorrido na Serra do Vento somente neste m\u00eas de agosto. Muitos casos acontecem por conta de os motoristas n\u00e3o conhecer a regi\u00e3o e muitos descem a perigosa Serra em alta velocidade, disse uma pessoa que estavam no local.<\/p>\n<p>Virou rotina os sinistros naquele local e as pessoas j\u00e1 ficam na expectativa de saquear as cargas viradas. Na semana passada uma outra carreta carregada de camar\u00e3o tamb\u00e9m virou e milhares de toneladas do produto foram arremessadas na pista. E para n\u00e3o se estragar, foi autorizado que populares levassem o camar\u00e3o que estava na pista. Muitas pessoas de toda a regi\u00e3o levaram para casa o crust\u00e1ceo. Fica aqui o alerta para que os motoristas tenham cuidado ao descer a Serra do Vento, pois, centenas de pessoas j\u00e1 perderam a vida ali.<\/p>\n<div style=\"margin-top: 0px; margin-bottom: 0px;\" class=\"sharethis-inline-share-buttons\" ><\/div>","protected":false},"excerpt":{"rendered":"<p>Mais um grave acidente aconteceu na perigosa Serra do Vento que fica localizada BR 423, pr\u00f3ximo ao s\u00edtio Meladinho na zona rural da cidade de Salo\u00e1\/PE. Desta vez uma carreta de placa CZB-3734 de cor azul tombou e virou j\u00e1 no final da serra derramando na pista milhares de pacotes de macarr\u00e3o instant\u00e2neo (miojo). O [&hellip;]<\/p>\n","protected":false},"author":2,"featured_media":4758,"comment_status":"open","ping_status":"open","sticky":false,"template":"","format":"standard","meta":{"footnotes":""},"categories":[2],"tags":[],"class_list":["post-4757","post","type-post","status-publish","format-standard","has-post-thumbnail","hentry","category-noticias-do-dia"],"_links":{"self":[{"href":"https:\/\/www.saloanoticias.com\/v1\/wp-json\/wp\/v2\/posts\/4757","targetHints":{"allow":["GET"]}}],"collection":[{"href":"https:\/\/www.saloanoticias.com\/v1\/wp-json\/wp\/v2\/posts"}],"about":[{"href":"https:\/\/www.saloanoticias.com\/v1\/wp-json\/wp\/v2\/types\/post"}],"author":[{"embeddable":true,"href":"https:\/\/www.saloanoticias.com\/v1\/wp-json\/wp\/v2\/users\/2"}],"replies":[{"embeddable":true,"href":"https:\/\/www.saloanoticias.com\/v1\/wp-json\/wp\/v2\/comments?post=4757"}],"version-history":[{"count":9,"href":"https:\/\/www.saloanoticias.com\/v1\/wp-json\/wp\/v2\/posts\/4757\/revisions"}],"predecessor-version":[{"id":4768,"href":"https:\/\/www.saloanoticias.com\/v1\/wp-json\/wp\/v2\/posts\/4757\/revisions\/4768"}],"wp:featuredmedia":[{"embeddable":true,"href":"https:\/\/www.saloanoticias.com\/v1\/wp-json\/wp\/v2\/media\/4758"}],"wp:attachment":[{"href":"https:\/\/www.saloanoticias.com\/v1\/wp-json\/wp\/v2\/media?parent=4757"}],"wp:term":[{"taxonomy":"category","embeddable":true,"href":"https:\/\/www.saloanoticias.com\/v1\/wp-json\/wp\/v2\/categories?post=4757"},{"taxonomy":"post_tag","embeddable":true,"href":"https:\/\/www.saloanoticias.com\/v1\/wp-json\/wp\/v2\/tags?post=4757"}],"curies":[{"name":"wp","href":"https:\/\/api.w.org\/{rel}","templated":true}]}}