{"id":4752,"date":"2018-08-11T19:14:14","date_gmt":"2018-08-11T19:14:14","guid":{"rendered":"https:\/\/saloanoticias.com\/v1\/?p=4752"},"modified":"2018-08-11T19:19:47","modified_gmt":"2018-08-11T19:19:47","slug":"suplente-de-vereador-declara-apoio-ao-grupo-de-ricardo-alves","status":"publish","type":"post","link":"https:\/\/www.saloanoticias.com\/v1\/suplente-de-vereador-declara-apoio-ao-grupo-de-ricardo-alves\/","title":{"rendered":"SUPLENTE DE VEREADOR DECLARA APOIO AO GRUPO DE RICARDO ALVES"},"content":{"rendered":"<p><img loading=\"lazy\" decoding=\"async\" width=\"1280\" height=\"720\" class=\"aligncenter size-full wp-image-4753\" src=\"https:\/\/saloanoticias.com\/v1\/wp-content\/uploads\/2018\/08\/jorginho-do-galeto.jpg\" alt=\"\" srcset=\"https:\/\/www.saloanoticias.com\/v1\/wp-content\/uploads\/2018\/08\/jorginho-do-galeto.jpg 1280w, https:\/\/www.saloanoticias.com\/v1\/wp-content\/uploads\/2018\/08\/jorginho-do-galeto-300x169.jpg 300w, https:\/\/www.saloanoticias.com\/v1\/wp-content\/uploads\/2018\/08\/jorginho-do-galeto-1024x576.jpg 1024w, https:\/\/www.saloanoticias.com\/v1\/wp-content\/uploads\/2018\/08\/jorginho-do-galeto-768x432.jpg 768w\" sizes=\"auto, (max-width: 1280px) 100vw, 1280px\" \/>O suplente de vereador Jorge Ponciano, mais conhecido como Jorginho do Galeto, declarou apoio ao grupo pol\u00edtico do prefeito Ricardo (MDB). O anuncio foi oficializado na noite desta sexta-feira, dia 10, na casa do gestor. O prefeito se disse bastante satisfeito em poder receber Jorginho em sua resid\u00eancia e em saber do desejo dele em fazer parte do seu projeto pol\u00edtico que vem dando certo na cidade.<\/p>\n<p>Nas palavras de Jorginho do Galeto, a administra\u00e7\u00e3o de Ricardo \u00e9 destacadamente a melhor de todos os prefeitos que j\u00e1 assumiram os destinos do Munic\u00edpio. \u201cO trabalho de Ricardo est\u00e1 ai para todo mundo ver, e isso, \u00e9 indiscut\u00edvel\u201d, disse Ponciano. Jorginho do Galeto fazia parte do grupo de Gilvan Pereira e concorreu a uma vaga no Legislativo em 2016 e ficou apenas na supl\u00eancia. Segundo ele, a partir de agora s\u00e3o novos caminhos a seguir junto com o grupo da situa\u00e7\u00e3o. \u201cVim aqui para somar\u201d, finalizou Jorginho. <em>Foto: Felipe Gomes<\/em><\/p>\n<div style=\"margin-top: 0px; margin-bottom: 0px;\" class=\"sharethis-inline-share-buttons\" ><\/div>","protected":false},"excerpt":{"rendered":"<p>O suplente de vereador Jorge Ponciano, mais conhecido como Jorginho do Galeto, declarou apoio ao grupo pol\u00edtico do prefeito Ricardo (MDB). O anuncio foi oficializado na noite desta sexta-feira, dia 10, na casa do gestor. O prefeito se disse bastante satisfeito em poder receber Jorginho em sua resid\u00eancia e em saber do desejo dele em [&hellip;]<\/p>\n","protected":false},"author":2,"featured_media":4753,"comment_status":"open","ping_status":"open","sticky":false,"template":"","format":"standard","meta":{"footnotes":""},"categories":[2],"tags":[],"class_list":["post-4752","post","type-post","status-publish","format-standard","has-post-thumbnail","hentry","category-noticias-do-dia"],"_links":{"self":[{"href":"https:\/\/www.saloanoticias.com\/v1\/wp-json\/wp\/v2\/posts\/4752","targetHints":{"allow":["GET"]}}],"collection":[{"href":"https:\/\/www.saloanoticias.com\/v1\/wp-json\/wp\/v2\/posts"}],"about":[{"href":"https:\/\/www.saloanoticias.com\/v1\/wp-json\/wp\/v2\/types\/post"}],"author":[{"embeddable":true,"href":"https:\/\/www.saloanoticias.com\/v1\/wp-json\/wp\/v2\/users\/2"}],"replies":[{"embeddable":true,"href":"https:\/\/www.saloanoticias.com\/v1\/wp-json\/wp\/v2\/comments?post=4752"}],"version-history":[{"count":3,"href":"https:\/\/www.saloanoticias.com\/v1\/wp-json\/wp\/v2\/posts\/4752\/revisions"}],"predecessor-version":[{"id":4756,"href":"https:\/\/www.saloanoticias.com\/v1\/wp-json\/wp\/v2\/posts\/4752\/revisions\/4756"}],"wp:featuredmedia":[{"embeddable":true,"href":"https:\/\/www.saloanoticias.com\/v1\/wp-json\/wp\/v2\/media\/4753"}],"wp:attachment":[{"href":"https:\/\/www.saloanoticias.com\/v1\/wp-json\/wp\/v2\/media?parent=4752"}],"wp:term":[{"taxonomy":"category","embeddable":true,"href":"https:\/\/www.saloanoticias.com\/v1\/wp-json\/wp\/v2\/categories?post=4752"},{"taxonomy":"post_tag","embeddable":true,"href":"https:\/\/www.saloanoticias.com\/v1\/wp-json\/wp\/v2\/tags?post=4752"}],"curies":[{"name":"wp","href":"https:\/\/api.w.org\/{rel}","templated":true}]}}