{"id":4743,"date":"2018-08-09T22:26:57","date_gmt":"2018-08-09T22:26:57","guid":{"rendered":"https:\/\/saloanoticias.com\/v1\/?p=4743"},"modified":"2018-08-09T22:35:18","modified_gmt":"2018-08-09T22:35:18","slug":"nadadores-de-garanhuns-sao-destaque-em-mais-uma-competicao","status":"publish","type":"post","link":"https:\/\/www.saloanoticias.com\/v1\/nadadores-de-garanhuns-sao-destaque-em-mais-uma-competicao\/","title":{"rendered":"NADADORES DE GARANHUNS S\u00c3O DESTAQUE EM MAIS UMA COMPETI\u00c7\u00c3O"},"content":{"rendered":"<p style=\"text-align: justify; background: white; margin: 0cm 0cm 8.0pt 0cm;\"><span style=\"font-family: 'Arial','sans-serif'; color: black;\"><img loading=\"lazy\" decoding=\"async\" width=\"1040\" height=\"780\" class=\"aligncenter size-full wp-image-4747\" src=\"https:\/\/saloanoticias.com\/v1\/wp-content\/uploads\/2018\/08\/nadadores-garanhuns-1.jpeg\" alt=\"\" srcset=\"https:\/\/www.saloanoticias.com\/v1\/wp-content\/uploads\/2018\/08\/nadadores-garanhuns-1.jpeg 1040w, https:\/\/www.saloanoticias.com\/v1\/wp-content\/uploads\/2018\/08\/nadadores-garanhuns-1-300x225.jpeg 300w, https:\/\/www.saloanoticias.com\/v1\/wp-content\/uploads\/2018\/08\/nadadores-garanhuns-1-1024x768.jpeg 1024w, https:\/\/www.saloanoticias.com\/v1\/wp-content\/uploads\/2018\/08\/nadadores-garanhuns-1-768x576.jpeg 768w\" sizes=\"auto, (max-width: 1040px) 100vw, 1040px\" \/>Nos dias 04 e 05 de agosto, na Academia R2, no Recife, aconteceu o Campeonato Norte-Nordeste de Piscina Curta. O munic\u00edpio de Garanhuns foi citado 29 vezes com medalhas ao Podium, e na trig\u00e9sima com dois trof\u00e9us de terceiro lugar, dentre as 10 Micro Equipes participantes. Os atletas que participaram da competi\u00e7\u00e3o foram Fernando Sckaff, Igor Cipriano, Alisson Brasil, Carlos Maur\u00edcio, Fabr\u00edcio Alves, Edinaldo Bar\u00e3o e Di\u00f3genes L\u00facio. O grupo conquistou 7 ouros, 9 pratas e 13 bronzes.<\/span><\/p>\n<div style=\"margin-top: 0px; margin-bottom: 0px;\" class=\"sharethis-inline-share-buttons\" ><\/div>","protected":false},"excerpt":{"rendered":"<p>Nos dias 04 e 05 de agosto, na Academia R2, no Recife, aconteceu o Campeonato Norte-Nordeste de Piscina Curta. O munic\u00edpio de Garanhuns foi citado 29 vezes com medalhas ao Podium, e na trig\u00e9sima com dois trof\u00e9us de terceiro lugar, dentre as 10 Micro Equipes participantes. Os atletas que participaram da competi\u00e7\u00e3o foram Fernando Sckaff, [&hellip;]<\/p>\n","protected":false},"author":2,"featured_media":4750,"comment_status":"open","ping_status":"open","sticky":false,"template":"","format":"standard","meta":{"footnotes":""},"categories":[2],"tags":[],"class_list":["post-4743","post","type-post","status-publish","format-standard","has-post-thumbnail","hentry","category-noticias-do-dia"],"_links":{"self":[{"href":"https:\/\/www.saloanoticias.com\/v1\/wp-json\/wp\/v2\/posts\/4743","targetHints":{"allow":["GET"]}}],"collection":[{"href":"https:\/\/www.saloanoticias.com\/v1\/wp-json\/wp\/v2\/posts"}],"about":[{"href":"https:\/\/www.saloanoticias.com\/v1\/wp-json\/wp\/v2\/types\/post"}],"author":[{"embeddable":true,"href":"https:\/\/www.saloanoticias.com\/v1\/wp-json\/wp\/v2\/users\/2"}],"replies":[{"embeddable":true,"href":"https:\/\/www.saloanoticias.com\/v1\/wp-json\/wp\/v2\/comments?post=4743"}],"version-history":[{"count":3,"href":"https:\/\/www.saloanoticias.com\/v1\/wp-json\/wp\/v2\/posts\/4743\/revisions"}],"predecessor-version":[{"id":4749,"href":"https:\/\/www.saloanoticias.com\/v1\/wp-json\/wp\/v2\/posts\/4743\/revisions\/4749"}],"wp:featuredmedia":[{"embeddable":true,"href":"https:\/\/www.saloanoticias.com\/v1\/wp-json\/wp\/v2\/media\/4750"}],"wp:attachment":[{"href":"https:\/\/www.saloanoticias.com\/v1\/wp-json\/wp\/v2\/media?parent=4743"}],"wp:term":[{"taxonomy":"category","embeddable":true,"href":"https:\/\/www.saloanoticias.com\/v1\/wp-json\/wp\/v2\/categories?post=4743"},{"taxonomy":"post_tag","embeddable":true,"href":"https:\/\/www.saloanoticias.com\/v1\/wp-json\/wp\/v2\/tags?post=4743"}],"curies":[{"name":"wp","href":"https:\/\/api.w.org\/{rel}","templated":true}]}}