{"id":4737,"date":"2018-08-09T18:33:34","date_gmt":"2018-08-09T18:33:34","guid":{"rendered":"https:\/\/saloanoticias.com\/v1\/?p=4737"},"modified":"2018-08-09T18:53:23","modified_gmt":"2018-08-09T18:53:23","slug":"caso-eduardo-campos-policia-federal-arquiva-inquerito","status":"publish","type":"post","link":"https:\/\/www.saloanoticias.com\/v1\/caso-eduardo-campos-policia-federal-arquiva-inquerito\/","title":{"rendered":"CASO EDUARDO CAMPOS: POL\u00cdCIA FEDERAL ARQUIVA INQU\u00c9RITO"},"content":{"rendered":"<p><img loading=\"lazy\" decoding=\"async\" class=\"aligncenter wp-image-4738\" src=\"https:\/\/saloanoticias.com\/v1\/wp-content\/uploads\/2018\/08\/joao-campos.jpg\" alt=\"\" width=\"1016\" height=\"557\" srcset=\"https:\/\/www.saloanoticias.com\/v1\/wp-content\/uploads\/2018\/08\/joao-campos.jpg 748w, https:\/\/www.saloanoticias.com\/v1\/wp-content\/uploads\/2018\/08\/joao-campos-300x164.jpg 300w\" sizes=\"auto, (max-width: 1016px) 100vw, 1016px\" \/>A Pol\u00edcia Federal encerrou as investiga\u00e7\u00f5es sobre\u00a0<span style=\"color: #000000;\"><a style=\"color: #000000;\" href=\"http:\/\/g1.globo.com\/sp\/santos-regiao\/noticia\/2014\/08\/eduardo-campos-morre-apos-queda-do-aviao-em-que-viajava.html\">o acidente a\u00e9reo que matou o ex-governador Eduardo Campos<\/a><\/span>\u00a0e parte da equipe dele, em agosto de 2014, e recomendou o arquivamento do caso, por entender que n\u00e3o h\u00e1 como determinar quais fatores provocaram a queda. Para o caso ser arquivado definitivamente, esta conclus\u00e3o ainda precisa ser aceita pelo Minist\u00e9rio P\u00fablico. N\u00e3o h\u00e1 prazo para isso. De acordo com a PF, pode ter havido:<\/p>\n<ul>\n<li><strong>colis\u00e3o ou tentativa de desvio\u00a0<\/strong>com algum objeto ou animal (provavelmente um p\u00e1ssaro);<\/li>\n<li><strong>desorienta\u00e7\u00e3o espacial\u00a0<\/strong>do piloto;<\/li>\n<li><strong>falha no profundor\u00a0<\/strong>(estrutura localizada na cauda do avi\u00e3o, que funciona como uma esp\u00e9cie de p\u00e1 e que muda a inclina\u00e7\u00e3o da aeronave);<\/li>\n<li><strong>falha no compensador\u00a0<\/strong>do profundor (uma estrutura tamb\u00e9m na cauda do avi\u00e3o, que permite compensar a for\u00e7a feita durante a ativa\u00e7\u00e3o do profundor).<\/li>\n<\/ul>\n<p>&#8220;N\u00e3o hierarquizamos as hip\u00f3teses&#8221;, disse o delegado da PF Rubens Maleiner. &#8220;Todas as hip\u00f3teses podem explicar em certa medida essa atitude radical do avi\u00e3o de subir acentuadamente e descer tamb\u00e9m acentuadamente, ao ponto de chegar com uma velocidade t\u00e3o alta de impacto.&#8221; No inqu\u00e9rito de 4,2 mil p\u00e1ginas, os peritos apontaram que o avi\u00e3o seguia a 656 km\/h e estava desviado em 3,5 graus da rota original. \u201cIsso mostra que o avi\u00e3o estava comandado ou com uma tend\u00eancia de sair daquela trajet\u00f3ria [original]\u201d, disse o delegado.<\/p>\n<p>Para chegar \u00e0 conclus\u00e3o, foram analisadas imagens de tr\u00eas c\u00e2meras que registraram o momento do acidente. A mais importante, de acordo com a corpora\u00e7\u00e3o, foi a de uma igreja. Tamb\u00e9m foram usados scanners que recriaram a aeronave em realidade virtual. Maleiner descartou qualquer uso de drogas por parte da tripula\u00e7\u00e3o e afirmou que a aeronave estava em boas condi\u00e7\u00f5es de manuten\u00e7\u00e3o. Segundo a PF, a investiga\u00e7\u00e3o foi dificultada pelo alto impacto do acidente \u2013 que acabou tornando poucas pe\u00e7as aproveit\u00e1veis para per\u00edcia \u2013, e pelo gravador de cabine, que n\u00e3o captou nenhum di\u00e1logo do dia da queda da aeronave. O gravador, na verdade, trazia di\u00e1logos de um ano e nove meses antes do acidente.<\/p>\n<div style=\"margin-top: 0px; margin-bottom: 0px;\" class=\"sharethis-inline-share-buttons\" ><\/div>","protected":false},"excerpt":{"rendered":"<p>A Pol\u00edcia Federal encerrou as investiga\u00e7\u00f5es sobre\u00a0o acidente a\u00e9reo que matou o ex-governador Eduardo Campos\u00a0e parte da equipe dele, em agosto de 2014, e recomendou o arquivamento do caso, por entender que n\u00e3o h\u00e1 como determinar quais fatores provocaram a queda. Para o caso ser arquivado definitivamente, esta conclus\u00e3o ainda precisa ser aceita pelo Minist\u00e9rio [&hellip;]<\/p>\n","protected":false},"author":2,"featured_media":4738,"comment_status":"open","ping_status":"open","sticky":false,"template":"","format":"standard","meta":{"footnotes":""},"categories":[2],"tags":[],"class_list":["post-4737","post","type-post","status-publish","format-standard","has-post-thumbnail","hentry","category-noticias-do-dia"],"_links":{"self":[{"href":"https:\/\/www.saloanoticias.com\/v1\/wp-json\/wp\/v2\/posts\/4737","targetHints":{"allow":["GET"]}}],"collection":[{"href":"https:\/\/www.saloanoticias.com\/v1\/wp-json\/wp\/v2\/posts"}],"about":[{"href":"https:\/\/www.saloanoticias.com\/v1\/wp-json\/wp\/v2\/types\/post"}],"author":[{"embeddable":true,"href":"https:\/\/www.saloanoticias.com\/v1\/wp-json\/wp\/v2\/users\/2"}],"replies":[{"embeddable":true,"href":"https:\/\/www.saloanoticias.com\/v1\/wp-json\/wp\/v2\/comments?post=4737"}],"version-history":[{"count":4,"href":"https:\/\/www.saloanoticias.com\/v1\/wp-json\/wp\/v2\/posts\/4737\/revisions"}],"predecessor-version":[{"id":4742,"href":"https:\/\/www.saloanoticias.com\/v1\/wp-json\/wp\/v2\/posts\/4737\/revisions\/4742"}],"wp:featuredmedia":[{"embeddable":true,"href":"https:\/\/www.saloanoticias.com\/v1\/wp-json\/wp\/v2\/media\/4738"}],"wp:attachment":[{"href":"https:\/\/www.saloanoticias.com\/v1\/wp-json\/wp\/v2\/media?parent=4737"}],"wp:term":[{"taxonomy":"category","embeddable":true,"href":"https:\/\/www.saloanoticias.com\/v1\/wp-json\/wp\/v2\/categories?post=4737"},{"taxonomy":"post_tag","embeddable":true,"href":"https:\/\/www.saloanoticias.com\/v1\/wp-json\/wp\/v2\/tags?post=4737"}],"curies":[{"name":"wp","href":"https:\/\/api.w.org\/{rel}","templated":true}]}}