{"id":4722,"date":"2018-08-08T13:58:09","date_gmt":"2018-08-08T13:58:09","guid":{"rendered":"https:\/\/saloanoticias.com\/v1\/?p=4722"},"modified":"2018-08-08T14:00:36","modified_gmt":"2018-08-08T14:00:36","slug":"prefeitura-de-saloa-entrega-viatura-nova-para-a-guarda-municipal","status":"publish","type":"post","link":"https:\/\/www.saloanoticias.com\/v1\/prefeitura-de-saloa-entrega-viatura-nova-para-a-guarda-municipal\/","title":{"rendered":"PREFEITURA DE SALO\u00c1 ENTREGA VIATURA NOVA PARA A GUARDA MUNICIPAL"},"content":{"rendered":"<p><img loading=\"lazy\" decoding=\"async\" width=\"1600\" height=\"968\" class=\"aligncenter size-full wp-image-4723\" src=\"https:\/\/saloanoticias.com\/v1\/wp-content\/uploads\/2018\/08\/guarda-municipal-saloa.jpeg\" alt=\"\" srcset=\"https:\/\/www.saloanoticias.com\/v1\/wp-content\/uploads\/2018\/08\/guarda-municipal-saloa.jpeg 1600w, https:\/\/www.saloanoticias.com\/v1\/wp-content\/uploads\/2018\/08\/guarda-municipal-saloa-300x182.jpeg 300w, https:\/\/www.saloanoticias.com\/v1\/wp-content\/uploads\/2018\/08\/guarda-municipal-saloa-1024x620.jpeg 1024w, https:\/\/www.saloanoticias.com\/v1\/wp-content\/uploads\/2018\/08\/guarda-municipal-saloa-768x465.jpeg 768w, https:\/\/www.saloanoticias.com\/v1\/wp-content\/uploads\/2018\/08\/guarda-municipal-saloa-1536x929.jpeg 1536w\" sizes=\"auto, (max-width: 1600px) 100vw, 1600px\" \/>O prefeito de Salo\u00e1\/PE, Ricardo Alves (MDB), entregou na manh\u00e3 desta quarta-feira (8), uma nova viatura para a Guarda Municipal, com o intuito de melhorar o atendimento da equipe \u00e0 toda popula\u00e7\u00e3o. A entrega foi feita na frente da Prefeitura onde dezenas de populares puderam verificar em loco a qualidade do ve\u00edculo que est\u00e1 caracterizado com os slogas da Prefeitura e da Guarda. O gestor municipal estava visivelmente feliz em poder fazer a entrega, j\u00e1 que sabe da import\u00e2ncia da Guarda para o Munic\u00edpio, que ao lado da PM e da Pol\u00edcia Civil vem atuando para elucidar crimes e os prevenir.<\/p>\n<p><img loading=\"lazy\" decoding=\"async\" width=\"1600\" height=\"954\" class=\"aligncenter size-full wp-image-4724\" src=\"https:\/\/saloanoticias.com\/v1\/wp-content\/uploads\/2018\/08\/guarda-municipal-saloa-pe.jpeg\" alt=\"\" srcset=\"https:\/\/www.saloanoticias.com\/v1\/wp-content\/uploads\/2018\/08\/guarda-municipal-saloa-pe.jpeg 1600w, https:\/\/www.saloanoticias.com\/v1\/wp-content\/uploads\/2018\/08\/guarda-municipal-saloa-pe-300x179.jpeg 300w, https:\/\/www.saloanoticias.com\/v1\/wp-content\/uploads\/2018\/08\/guarda-municipal-saloa-pe-1024x611.jpeg 1024w, https:\/\/www.saloanoticias.com\/v1\/wp-content\/uploads\/2018\/08\/guarda-municipal-saloa-pe-768x458.jpeg 768w, https:\/\/www.saloanoticias.com\/v1\/wp-content\/uploads\/2018\/08\/guarda-municipal-saloa-pe-1536x916.jpeg 1536w, https:\/\/www.saloanoticias.com\/v1\/wp-content\/uploads\/2018\/08\/guarda-municipal-saloa-pe-400x240.jpeg 400w\" sizes=\"auto, (max-width: 1600px) 100vw, 1600px\" \/><\/p>\n<p>A nova viatura \u00e9 uma blazer que foi muito bem equipada para esta finalidade, com giroflex e sirene, al\u00e9m de r\u00e1dio de comunica\u00e7\u00e3o e outros equipamentos. Atualmente a GM de Salo\u00e1\/PE est\u00e1 sob o comando do Sargento PM Bastos, que volta ao comando depois de alguns meses fora. Assim que foi apresentada \u00e0 popula\u00e7\u00e3o, a nova viatura j\u00e1 entrou em atividade, dando mais tranquilidade aos saloaenses que confiam no trabalho s\u00e9rio dos guardas. Esta \u00e9 mais uma a\u00e7\u00e3o importante na gest\u00e3o do prefeito Ricardo Alves. <em>Fotos: Jr. Gracindo<\/em><\/p>\n<div style=\"margin-top: 0px; margin-bottom: 0px;\" class=\"sharethis-inline-share-buttons\" ><\/div>","protected":false},"excerpt":{"rendered":"<p>O prefeito de Salo\u00e1\/PE, Ricardo Alves (MDB), entregou na manh\u00e3 desta quarta-feira (8), uma nova viatura para a Guarda Municipal, com o intuito de melhorar o atendimento da equipe \u00e0 toda popula\u00e7\u00e3o. A entrega foi feita na frente da Prefeitura onde dezenas de populares puderam verificar em loco a qualidade do ve\u00edculo que est\u00e1 caracterizado [&hellip;]<\/p>\n","protected":false},"author":2,"featured_media":4723,"comment_status":"open","ping_status":"open","sticky":false,"template":"","format":"standard","meta":{"footnotes":""},"categories":[2],"tags":[],"class_list":["post-4722","post","type-post","status-publish","format-standard","has-post-thumbnail","hentry","category-noticias-do-dia"],"_links":{"self":[{"href":"https:\/\/www.saloanoticias.com\/v1\/wp-json\/wp\/v2\/posts\/4722","targetHints":{"allow":["GET"]}}],"collection":[{"href":"https:\/\/www.saloanoticias.com\/v1\/wp-json\/wp\/v2\/posts"}],"about":[{"href":"https:\/\/www.saloanoticias.com\/v1\/wp-json\/wp\/v2\/types\/post"}],"author":[{"embeddable":true,"href":"https:\/\/www.saloanoticias.com\/v1\/wp-json\/wp\/v2\/users\/2"}],"replies":[{"embeddable":true,"href":"https:\/\/www.saloanoticias.com\/v1\/wp-json\/wp\/v2\/comments?post=4722"}],"version-history":[{"count":4,"href":"https:\/\/www.saloanoticias.com\/v1\/wp-json\/wp\/v2\/posts\/4722\/revisions"}],"predecessor-version":[{"id":4728,"href":"https:\/\/www.saloanoticias.com\/v1\/wp-json\/wp\/v2\/posts\/4722\/revisions\/4728"}],"wp:featuredmedia":[{"embeddable":true,"href":"https:\/\/www.saloanoticias.com\/v1\/wp-json\/wp\/v2\/media\/4723"}],"wp:attachment":[{"href":"https:\/\/www.saloanoticias.com\/v1\/wp-json\/wp\/v2\/media?parent=4722"}],"wp:term":[{"taxonomy":"category","embeddable":true,"href":"https:\/\/www.saloanoticias.com\/v1\/wp-json\/wp\/v2\/categories?post=4722"},{"taxonomy":"post_tag","embeddable":true,"href":"https:\/\/www.saloanoticias.com\/v1\/wp-json\/wp\/v2\/tags?post=4722"}],"curies":[{"name":"wp","href":"https:\/\/api.w.org\/{rel}","templated":true}]}}