{"id":4715,"date":"2018-08-08T12:51:24","date_gmt":"2018-08-08T12:51:24","guid":{"rendered":"https:\/\/saloanoticias.com\/v1\/?p=4715"},"modified":"2018-08-08T12:51:24","modified_gmt":"2018-08-08T12:51:24","slug":"atividades-marcam-o-encerramento-da-semana-do-aleitamento-materno-em-saloa","status":"publish","type":"post","link":"https:\/\/www.saloanoticias.com\/v1\/atividades-marcam-o-encerramento-da-semana-do-aleitamento-materno-em-saloa\/","title":{"rendered":"ATIVIDADES MARCAM O ENCERRAMENTO DA SEMANA DO ALEITAMENTO MATERNO EM SALO\u00c1"},"content":{"rendered":"<p style=\"text-align: justify; background: white; margin: 4.1pt 0cm 4.1pt 0cm;\"><span style=\"font-family: 'Arial','sans-serif'; color: black;\"><img loading=\"lazy\" decoding=\"async\" width=\"1600\" height=\"900\" class=\"aligncenter size-full wp-image-4718\" src=\"https:\/\/saloanoticias.com\/v1\/wp-content\/uploads\/2018\/08\/semana-amamentacao-saloa.jpg\" alt=\"\" srcset=\"https:\/\/www.saloanoticias.com\/v1\/wp-content\/uploads\/2018\/08\/semana-amamentacao-saloa.jpg 1600w, https:\/\/www.saloanoticias.com\/v1\/wp-content\/uploads\/2018\/08\/semana-amamentacao-saloa-300x169.jpg 300w, https:\/\/www.saloanoticias.com\/v1\/wp-content\/uploads\/2018\/08\/semana-amamentacao-saloa-1024x576.jpg 1024w, https:\/\/www.saloanoticias.com\/v1\/wp-content\/uploads\/2018\/08\/semana-amamentacao-saloa-768x432.jpg 768w, https:\/\/www.saloanoticias.com\/v1\/wp-content\/uploads\/2018\/08\/semana-amamentacao-saloa-1536x864.jpg 1536w\" sizes=\"auto, (max-width: 1600px) 100vw, 1600px\" \/>A Semana do Aleitamento Materno em Salo\u00e1\/PE encerrou suas atividade com chave de ouro. Na manh\u00e3 desta ter\u00e7a feira (07\/08), aconteceu uma palestra com a Dra. Poliana Melo, oficinas, distribui\u00e7\u00e3o de brindes, din\u00e2micas e apresenta\u00e7\u00f5es sobre o incentivo ao aleitamento materno com as participantes. O evento aconteceu na Academia da Sa\u00fade e teve a presen\u00e7a de mais de 25 gestantes, sendo dirigido pelas equipes do NASF, Gerando Vidas, Aten\u00e7\u00e3o B\u00e1sica e M\u00e3e Coruja. As gestantes puderam ainda tirar suas d\u00favidas sobre a amamenta\u00e7\u00e3o, e para encerrar elas participaram de uma oficina onde confeccionaram enfeites para a chegada dos seus beb\u00eas.<\/span><\/p>\n<p><img loading=\"lazy\" decoding=\"async\" width=\"1600\" height=\"900\" class=\"aligncenter size-full wp-image-4720\" src=\"https:\/\/saloanoticias.com\/v1\/wp-content\/uploads\/2018\/08\/academia-saude-saloa.jpg\" alt=\"\" srcset=\"https:\/\/www.saloanoticias.com\/v1\/wp-content\/uploads\/2018\/08\/academia-saude-saloa.jpg 1600w, https:\/\/www.saloanoticias.com\/v1\/wp-content\/uploads\/2018\/08\/academia-saude-saloa-300x169.jpg 300w, https:\/\/www.saloanoticias.com\/v1\/wp-content\/uploads\/2018\/08\/academia-saude-saloa-1024x576.jpg 1024w, https:\/\/www.saloanoticias.com\/v1\/wp-content\/uploads\/2018\/08\/academia-saude-saloa-768x432.jpg 768w, https:\/\/www.saloanoticias.com\/v1\/wp-content\/uploads\/2018\/08\/academia-saude-saloa-1536x864.jpg 1536w\" sizes=\"auto, (max-width: 1600px) 100vw, 1600px\" \/><\/p>\n<p><img loading=\"lazy\" decoding=\"async\" width=\"1600\" height=\"900\" class=\"aligncenter size-full wp-image-4719\" src=\"https:\/\/saloanoticias.com\/v1\/wp-content\/uploads\/2018\/08\/poliana-palestra.jpg\" alt=\"\" srcset=\"https:\/\/www.saloanoticias.com\/v1\/wp-content\/uploads\/2018\/08\/poliana-palestra.jpg 1600w, https:\/\/www.saloanoticias.com\/v1\/wp-content\/uploads\/2018\/08\/poliana-palestra-300x169.jpg 300w, https:\/\/www.saloanoticias.com\/v1\/wp-content\/uploads\/2018\/08\/poliana-palestra-1024x576.jpg 1024w, https:\/\/www.saloanoticias.com\/v1\/wp-content\/uploads\/2018\/08\/poliana-palestra-768x432.jpg 768w, https:\/\/www.saloanoticias.com\/v1\/wp-content\/uploads\/2018\/08\/poliana-palestra-1536x864.jpg 1536w\" sizes=\"auto, (max-width: 1600px) 100vw, 1600px\" \/><\/p>\n<p>&nbsp;<\/p>\n<p>&nbsp;<\/p>\n<div style=\"margin-top: 0px; margin-bottom: 0px;\" class=\"sharethis-inline-share-buttons\" ><\/div>","protected":false},"excerpt":{"rendered":"<p>A Semana do Aleitamento Materno em Salo\u00e1\/PE encerrou suas atividade com chave de ouro. Na manh\u00e3 desta ter\u00e7a feira (07\/08), aconteceu uma palestra com a Dra. Poliana Melo, oficinas, distribui\u00e7\u00e3o de brindes, din\u00e2micas e apresenta\u00e7\u00f5es sobre o incentivo ao aleitamento materno com as participantes. O evento aconteceu na Academia da Sa\u00fade e teve a presen\u00e7a [&hellip;]<\/p>\n","protected":false},"author":2,"featured_media":4716,"comment_status":"open","ping_status":"open","sticky":false,"template":"","format":"standard","meta":{"footnotes":""},"categories":[2],"tags":[],"class_list":["post-4715","post","type-post","status-publish","format-standard","has-post-thumbnail","hentry","category-noticias-do-dia"],"_links":{"self":[{"href":"https:\/\/www.saloanoticias.com\/v1\/wp-json\/wp\/v2\/posts\/4715","targetHints":{"allow":["GET"]}}],"collection":[{"href":"https:\/\/www.saloanoticias.com\/v1\/wp-json\/wp\/v2\/posts"}],"about":[{"href":"https:\/\/www.saloanoticias.com\/v1\/wp-json\/wp\/v2\/types\/post"}],"author":[{"embeddable":true,"href":"https:\/\/www.saloanoticias.com\/v1\/wp-json\/wp\/v2\/users\/2"}],"replies":[{"embeddable":true,"href":"https:\/\/www.saloanoticias.com\/v1\/wp-json\/wp\/v2\/comments?post=4715"}],"version-history":[{"count":1,"href":"https:\/\/www.saloanoticias.com\/v1\/wp-json\/wp\/v2\/posts\/4715\/revisions"}],"predecessor-version":[{"id":4721,"href":"https:\/\/www.saloanoticias.com\/v1\/wp-json\/wp\/v2\/posts\/4715\/revisions\/4721"}],"wp:featuredmedia":[{"embeddable":true,"href":"https:\/\/www.saloanoticias.com\/v1\/wp-json\/wp\/v2\/media\/4716"}],"wp:attachment":[{"href":"https:\/\/www.saloanoticias.com\/v1\/wp-json\/wp\/v2\/media?parent=4715"}],"wp:term":[{"taxonomy":"category","embeddable":true,"href":"https:\/\/www.saloanoticias.com\/v1\/wp-json\/wp\/v2\/categories?post=4715"},{"taxonomy":"post_tag","embeddable":true,"href":"https:\/\/www.saloanoticias.com\/v1\/wp-json\/wp\/v2\/tags?post=4715"}],"curies":[{"name":"wp","href":"https:\/\/api.w.org\/{rel}","templated":true}]}}