{"id":4699,"date":"2018-08-07T15:52:42","date_gmt":"2018-08-07T15:52:42","guid":{"rendered":"https:\/\/saloanoticias.com\/v1\/?p=4699"},"modified":"2018-08-07T16:10:45","modified_gmt":"2018-08-07T16:10:45","slug":"politicos-de-saloa-participam-da-convencao-de-paulo-camara","status":"publish","type":"post","link":"https:\/\/www.saloanoticias.com\/v1\/politicos-de-saloa-participam-da-convencao-de-paulo-camara\/","title":{"rendered":"POL\u00cdTICOS DE SALO\u00c1 PARTICIPAM DA CONVEN\u00c7\u00c3O DA FRENTE POPULAR"},"content":{"rendered":"<p><img loading=\"lazy\" decoding=\"async\" width=\"1280\" height=\"720\" class=\"aligncenter size-full wp-image-4700\" src=\"https:\/\/saloanoticias.com\/v1\/wp-content\/uploads\/2018\/08\/ricardo-saloa.jpg\" alt=\"\" srcset=\"https:\/\/www.saloanoticias.com\/v1\/wp-content\/uploads\/2018\/08\/ricardo-saloa.jpg 1280w, https:\/\/www.saloanoticias.com\/v1\/wp-content\/uploads\/2018\/08\/ricardo-saloa-300x169.jpg 300w, https:\/\/www.saloanoticias.com\/v1\/wp-content\/uploads\/2018\/08\/ricardo-saloa-1024x576.jpg 1024w, https:\/\/www.saloanoticias.com\/v1\/wp-content\/uploads\/2018\/08\/ricardo-saloa-768x432.jpg 768w\" sizes=\"auto, (max-width: 1280px) 100vw, 1280px\" \/>Aconteceu no \u00faltimo domingo, dia 5 de agosto, a conven\u00e7\u00e3o partid\u00e1ria da Frente Popular de Pernambuco que apresentou o governador Paulo C\u00e2mara (PSB) para concorrer \u00e0 reelei\u00e7\u00e3o, Luciana Santos (PCdoB) como vice e Jarbas Vasconcelos (MDB) e Humberto Costa ao Senado (PT). O evento reuniu mais de 20 mil pessoas nas depend\u00eancias do Clube Internacional do Recife.<\/p>\n<p><img loading=\"lazy\" decoding=\"async\" width=\"1280\" height=\"763\" class=\"aligncenter size-full wp-image-4701\" src=\"https:\/\/saloanoticias.com\/v1\/wp-content\/uploads\/2018\/08\/salopa-convencao.jpeg\" alt=\"\" srcset=\"https:\/\/www.saloanoticias.com\/v1\/wp-content\/uploads\/2018\/08\/salopa-convencao.jpeg 1280w, https:\/\/www.saloanoticias.com\/v1\/wp-content\/uploads\/2018\/08\/salopa-convencao-300x179.jpeg 300w, https:\/\/www.saloanoticias.com\/v1\/wp-content\/uploads\/2018\/08\/salopa-convencao-1024x610.jpeg 1024w, https:\/\/www.saloanoticias.com\/v1\/wp-content\/uploads\/2018\/08\/salopa-convencao-768x458.jpeg 768w\" sizes=\"auto, (max-width: 1280px) 100vw, 1280px\" \/><\/p>\n<p>Participaram deste evento v\u00e1rias lideran\u00e7as do Estado, inclusive pol\u00edticos de Salo\u00e1\/PE. Estavam presentes o prefeito Ricardo Alves (MDB), os vereadores Ronaldinho (PSB), Tisley (PRB), Eduardo (MDB), Jr. de Rivaldo (MDB), Jamel\u00e3o, (MDB), Beto da Sa\u00fade (MDB), Vilma da Prata (PTB), al\u00e9m dos suplentes e ex-vereadores Barba, Manoel de Artur, Cacau e Izenilda Brand\u00e3o, v\u00e1rios secret\u00e1rios de governo, al\u00e9m de empres\u00e1rios e comerciantes como Danilo Pereira.<\/p>\n<div style=\"margin-top: 0px; margin-bottom: 0px;\" class=\"sharethis-inline-share-buttons\" ><\/div>","protected":false},"excerpt":{"rendered":"<p>Aconteceu no \u00faltimo domingo, dia 5 de agosto, a conven\u00e7\u00e3o partid\u00e1ria da Frente Popular de Pernambuco que apresentou o governador Paulo C\u00e2mara (PSB) para concorrer \u00e0 reelei\u00e7\u00e3o, Luciana Santos (PCdoB) como vice e Jarbas Vasconcelos (MDB) e Humberto Costa ao Senado (PT). O evento reuniu mais de 20 mil pessoas nas depend\u00eancias do Clube Internacional [&hellip;]<\/p>\n","protected":false},"author":2,"featured_media":4705,"comment_status":"open","ping_status":"open","sticky":false,"template":"","format":"standard","meta":{"footnotes":""},"categories":[2],"tags":[],"class_list":["post-4699","post","type-post","status-publish","format-standard","has-post-thumbnail","hentry","category-noticias-do-dia"],"_links":{"self":[{"href":"https:\/\/www.saloanoticias.com\/v1\/wp-json\/wp\/v2\/posts\/4699","targetHints":{"allow":["GET"]}}],"collection":[{"href":"https:\/\/www.saloanoticias.com\/v1\/wp-json\/wp\/v2\/posts"}],"about":[{"href":"https:\/\/www.saloanoticias.com\/v1\/wp-json\/wp\/v2\/types\/post"}],"author":[{"embeddable":true,"href":"https:\/\/www.saloanoticias.com\/v1\/wp-json\/wp\/v2\/users\/2"}],"replies":[{"embeddable":true,"href":"https:\/\/www.saloanoticias.com\/v1\/wp-json\/wp\/v2\/comments?post=4699"}],"version-history":[{"count":6,"href":"https:\/\/www.saloanoticias.com\/v1\/wp-json\/wp\/v2\/posts\/4699\/revisions"}],"predecessor-version":[{"id":4708,"href":"https:\/\/www.saloanoticias.com\/v1\/wp-json\/wp\/v2\/posts\/4699\/revisions\/4708"}],"wp:featuredmedia":[{"embeddable":true,"href":"https:\/\/www.saloanoticias.com\/v1\/wp-json\/wp\/v2\/media\/4705"}],"wp:attachment":[{"href":"https:\/\/www.saloanoticias.com\/v1\/wp-json\/wp\/v2\/media?parent=4699"}],"wp:term":[{"taxonomy":"category","embeddable":true,"href":"https:\/\/www.saloanoticias.com\/v1\/wp-json\/wp\/v2\/categories?post=4699"},{"taxonomy":"post_tag","embeddable":true,"href":"https:\/\/www.saloanoticias.com\/v1\/wp-json\/wp\/v2\/tags?post=4699"}],"curies":[{"name":"wp","href":"https:\/\/api.w.org\/{rel}","templated":true}]}}