{"id":4670,"date":"2018-08-07T12:30:51","date_gmt":"2018-08-07T12:30:51","guid":{"rendered":"https:\/\/saloanoticias.com\/v1\/?p=4670"},"modified":"2018-08-07T13:17:35","modified_gmt":"2018-08-07T13:17:35","slug":"4670","status":"publish","type":"post","link":"https:\/\/www.saloanoticias.com\/v1\/4670\/","title":{"rendered":"COMUNIDADE DO S\u00cdTIO BARBOSA TAMB\u00c9M RECEBER\u00c1 ADUTORA"},"content":{"rendered":"<p style=\"text-align: justify; background: white; margin: 4.1pt 0cm 4.1pt 0cm;\"><span style=\"font-family: 'Arial','sans-serif'; color: black;\"><img loading=\"lazy\" decoding=\"async\" width=\"960\" height=\"540\" class=\"aligncenter size-full wp-image-4672\" src=\"https:\/\/saloanoticias.com\/v1\/wp-content\/uploads\/2018\/08\/ricardo-alves-saloa.jpg\" alt=\"\" srcset=\"https:\/\/www.saloanoticias.com\/v1\/wp-content\/uploads\/2018\/08\/ricardo-alves-saloa.jpg 960w, https:\/\/www.saloanoticias.com\/v1\/wp-content\/uploads\/2018\/08\/ricardo-alves-saloa-300x169.jpg 300w, https:\/\/www.saloanoticias.com\/v1\/wp-content\/uploads\/2018\/08\/ricardo-alves-saloa-768x432.jpg 768w\" sizes=\"auto, (max-width: 960px) 100vw, 960px\" \/>O Prefeito Ricardo Alves visitou na \u00faltima quinta feira (02\/08) o s\u00edtio Barbosa, onde l\u00e1 ser\u00e1 constru\u00edda uma adutora que levar\u00e1 \u00e1gua de qualidade para toda a comunidade. L\u00e1, ele visitou algumas fam\u00edlias e falou dessa a\u00e7\u00e3o que ser\u00e1 iniciada nos pr\u00f3ximos dias. Muitas pessoas ser\u00e3o beneficiadas com essa obra, disse Ricardo. Recentemente, foi inaugurado o Sistema de Abastecimento de \u00c1gua do S\u00edtio V\u00e1rzea da Serra, e em breve vai inaugurar a Adutora do S\u00edtio Santa Tereza, tamb\u00e9m na zona rural.<\/span><\/p>\n<p><img loading=\"lazy\" decoding=\"async\" width=\"927\" height=\"458\" class=\"aligncenter size-full wp-image-4673\" src=\"https:\/\/saloanoticias.com\/v1\/wp-content\/uploads\/2018\/08\/ricardo-alves-adutora.jpg\" alt=\"\" srcset=\"https:\/\/www.saloanoticias.com\/v1\/wp-content\/uploads\/2018\/08\/ricardo-alves-adutora.jpg 927w, https:\/\/www.saloanoticias.com\/v1\/wp-content\/uploads\/2018\/08\/ricardo-alves-adutora-300x148.jpg 300w, https:\/\/www.saloanoticias.com\/v1\/wp-content\/uploads\/2018\/08\/ricardo-alves-adutora-768x379.jpg 768w\" sizes=\"auto, (max-width: 927px) 100vw, 927px\" \/><\/p>\n<p style=\"text-align: justify; background: white; margin: 4.1pt 0cm 4.1pt 0cm;\"><span style=\"font-family: 'Arial','sans-serif'; color: black;\">Nesta visita Ricardo estava sendo acompanhando pelos vereadores Junior de Rivaldo e Tisley Vicente, do Secret\u00e1rio de Recursos H\u00eddricos, Manoel de Arthur, al\u00e9m de populares da comunidade. Nesta visita foram observados os melhores locais para a implanta\u00e7\u00e3o dos canos e registros. Ainda segundo o prefeito, em Salo\u00e1 o trabalho n\u00e3o para, apenas est\u00e1 come\u00e7ando, disse. <em>Fotos: Felipe Gomes<\/em><\/span><\/p>\n<div style=\"margin-top: 0px; margin-bottom: 0px;\" class=\"sharethis-inline-share-buttons\" ><\/div>","protected":false},"excerpt":{"rendered":"<p>O Prefeito Ricardo Alves visitou na \u00faltima quinta feira (02\/08) o s\u00edtio Barbosa, onde l\u00e1 ser\u00e1 constru\u00edda uma adutora que levar\u00e1 \u00e1gua de qualidade para toda a comunidade. L\u00e1, ele visitou algumas fam\u00edlias e falou dessa a\u00e7\u00e3o que ser\u00e1 iniciada nos pr\u00f3ximos dias. Muitas pessoas ser\u00e3o beneficiadas com essa obra, disse Ricardo. Recentemente, foi inaugurado [&hellip;]<\/p>\n","protected":false},"author":2,"featured_media":4672,"comment_status":"open","ping_status":"open","sticky":false,"template":"","format":"standard","meta":{"footnotes":""},"categories":[2],"tags":[],"class_list":["post-4670","post","type-post","status-publish","format-standard","has-post-thumbnail","hentry","category-noticias-do-dia"],"_links":{"self":[{"href":"https:\/\/www.saloanoticias.com\/v1\/wp-json\/wp\/v2\/posts\/4670","targetHints":{"allow":["GET"]}}],"collection":[{"href":"https:\/\/www.saloanoticias.com\/v1\/wp-json\/wp\/v2\/posts"}],"about":[{"href":"https:\/\/www.saloanoticias.com\/v1\/wp-json\/wp\/v2\/types\/post"}],"author":[{"embeddable":true,"href":"https:\/\/www.saloanoticias.com\/v1\/wp-json\/wp\/v2\/users\/2"}],"replies":[{"embeddable":true,"href":"https:\/\/www.saloanoticias.com\/v1\/wp-json\/wp\/v2\/comments?post=4670"}],"version-history":[{"count":12,"href":"https:\/\/www.saloanoticias.com\/v1\/wp-json\/wp\/v2\/posts\/4670\/revisions"}],"predecessor-version":[{"id":4686,"href":"https:\/\/www.saloanoticias.com\/v1\/wp-json\/wp\/v2\/posts\/4670\/revisions\/4686"}],"wp:featuredmedia":[{"embeddable":true,"href":"https:\/\/www.saloanoticias.com\/v1\/wp-json\/wp\/v2\/media\/4672"}],"wp:attachment":[{"href":"https:\/\/www.saloanoticias.com\/v1\/wp-json\/wp\/v2\/media?parent=4670"}],"wp:term":[{"taxonomy":"category","embeddable":true,"href":"https:\/\/www.saloanoticias.com\/v1\/wp-json\/wp\/v2\/categories?post=4670"},{"taxonomy":"post_tag","embeddable":true,"href":"https:\/\/www.saloanoticias.com\/v1\/wp-json\/wp\/v2\/tags?post=4670"}],"curies":[{"name":"wp","href":"https:\/\/api.w.org\/{rel}","templated":true}]}}