{"id":4665,"date":"2018-08-06T17:42:06","date_gmt":"2018-08-06T17:42:06","guid":{"rendered":"https:\/\/saloanoticias.com\/v1\/?p=4665"},"modified":"2018-08-06T17:44:03","modified_gmt":"2018-08-06T17:44:03","slug":"semana-de-amamentacao-comeca-em-saloa-nesta-terc-7","status":"publish","type":"post","link":"https:\/\/www.saloanoticias.com\/v1\/semana-de-amamentacao-comeca-em-saloa-nesta-terc-7\/","title":{"rendered":"SALO\u00c1 CELEBRA A SEMANA DA AMAMENTA\u00c7\u00c3O NESTA TER\u00c7A (7)"},"content":{"rendered":"<p><img decoding=\"async\" class=\"aligncenter size-full wp-image-4666\" src=\"https:\/\/saloanoticias.com\/v1\/wp-content\/uploads\/2018\/08\/semana-amamentacao.jpg\" alt=\"\" \/>A Prefeitura Municipal de Salo\u00e1\/PE junto a Secretaria de Sa\u00fade, convidam a todas as gestantes e mulheres com filhos de at\u00e9 42 dias de nascidos para participarem de um dia especial em comemora\u00e7\u00e3o a \u201cSemana da Amamenta\u00e7\u00e3o\u201d, que acontecer\u00e1 no dia 07 de Agosto, na Academia da Sa\u00fade, \u00e0s 09h00min. Este momento ser\u00e1 abrilhantado com\u00a0 orienta\u00e7\u00f5es sobre amamenta\u00e7\u00e3o, din\u00e2mica com profissionais da sa\u00fade, animador,\u00a0 oficinas com entrega de brinde, al\u00e9m de estarmos juntos pelo bem comum de nossas mulheres e crian\u00e7as. Portanto, Amamenta\u00e7\u00e3o \u00e9 a base da vida.<\/p>\n<div style=\"margin-top: 0px; margin-bottom: 0px;\" class=\"sharethis-inline-share-buttons\" ><\/div>","protected":false},"excerpt":{"rendered":"<p>A Prefeitura Municipal de Salo\u00e1\/PE junto a Secretaria de Sa\u00fade, convidam a todas as gestantes e mulheres com filhos de at\u00e9 42 dias de nascidos para participarem de um dia especial em comemora\u00e7\u00e3o a \u201cSemana da Amamenta\u00e7\u00e3o\u201d, que acontecer\u00e1 no dia 07 de Agosto, na Academia da Sa\u00fade, \u00e0s 09h00min. Este momento ser\u00e1 abrilhantado com\u00a0 [&hellip;]<\/p>\n","protected":false},"author":2,"featured_media":4666,"comment_status":"open","ping_status":"open","sticky":false,"template":"","format":"standard","meta":{"footnotes":""},"categories":[2],"tags":[],"class_list":["post-4665","post","type-post","status-publish","format-standard","has-post-thumbnail","hentry","category-noticias-do-dia"],"_links":{"self":[{"href":"https:\/\/www.saloanoticias.com\/v1\/wp-json\/wp\/v2\/posts\/4665","targetHints":{"allow":["GET"]}}],"collection":[{"href":"https:\/\/www.saloanoticias.com\/v1\/wp-json\/wp\/v2\/posts"}],"about":[{"href":"https:\/\/www.saloanoticias.com\/v1\/wp-json\/wp\/v2\/types\/post"}],"author":[{"embeddable":true,"href":"https:\/\/www.saloanoticias.com\/v1\/wp-json\/wp\/v2\/users\/2"}],"replies":[{"embeddable":true,"href":"https:\/\/www.saloanoticias.com\/v1\/wp-json\/wp\/v2\/comments?post=4665"}],"version-history":[{"count":3,"href":"https:\/\/www.saloanoticias.com\/v1\/wp-json\/wp\/v2\/posts\/4665\/revisions"}],"predecessor-version":[{"id":4669,"href":"https:\/\/www.saloanoticias.com\/v1\/wp-json\/wp\/v2\/posts\/4665\/revisions\/4669"}],"wp:featuredmedia":[{"embeddable":true,"href":"https:\/\/www.saloanoticias.com\/v1\/wp-json\/wp\/v2\/media\/4666"}],"wp:attachment":[{"href":"https:\/\/www.saloanoticias.com\/v1\/wp-json\/wp\/v2\/media?parent=4665"}],"wp:term":[{"taxonomy":"category","embeddable":true,"href":"https:\/\/www.saloanoticias.com\/v1\/wp-json\/wp\/v2\/categories?post=4665"},{"taxonomy":"post_tag","embeddable":true,"href":"https:\/\/www.saloanoticias.com\/v1\/wp-json\/wp\/v2\/tags?post=4665"}],"curies":[{"name":"wp","href":"https:\/\/api.w.org\/{rel}","templated":true}]}}