{"id":4659,"date":"2018-08-06T01:48:13","date_gmt":"2018-08-06T01:48:13","guid":{"rendered":"https:\/\/saloanoticias.com\/v1\/?p=4659"},"modified":"2018-08-06T01:53:19","modified_gmt":"2018-08-06T01:53:19","slug":"grupo-amigos-do-cavalo-realizam-passeio-pelo-sitio-manoel-ferreira","status":"publish","type":"post","link":"https:\/\/www.saloanoticias.com\/v1\/grupo-amigos-do-cavalo-realizam-passeio-pelo-sitio-manoel-ferreira\/","title":{"rendered":"&#8220;AMIGOS DO CAVALO&#8221; REALIZAM PASSEIO PELO S\u00cdTIO MANOEL FERREIRA"},"content":{"rendered":"<p><img loading=\"lazy\" decoding=\"async\" width=\"861\" height=\"394\" class=\"aligncenter size-full wp-image-4660\" src=\"https:\/\/saloanoticias.com\/v1\/wp-content\/uploads\/2018\/08\/amigos-do-cavalo.jpg\" alt=\"\" srcset=\"https:\/\/www.saloanoticias.com\/v1\/wp-content\/uploads\/2018\/08\/amigos-do-cavalo.jpg 861w, https:\/\/www.saloanoticias.com\/v1\/wp-content\/uploads\/2018\/08\/amigos-do-cavalo-300x137.jpg 300w, https:\/\/www.saloanoticias.com\/v1\/wp-content\/uploads\/2018\/08\/amigos-do-cavalo-768x351.jpg 768w\" sizes=\"auto, (max-width: 861px) 100vw, 861px\" \/>Foi criado no Munic\u00edpio de Salo\u00e1\/PE a equipe \u201cAmigos do Cavalo\u201d, formado por pessoas que curtem e gostam de passear de cavalo, com o objetivo de lazer e divers\u00e3o. O grupo j\u00e1 re\u00fane dezenas de cavaleiros que sempre est\u00e3o cavalgando pela zona rural. No \u00faltimo s\u00e1bado (4), os &#8220;Amigos do Cavalo&#8221; fizeram um percurso de aproximadamente 20 km saindo da cidade com dire\u00e7\u00e3o ao s\u00edtio Manoel Ferreira. Os cavaleiros sa\u00edram da casa do empres\u00e1rio Cosmo Barra Nova e teve o primeiro bate sela na casa de Paulo de Ben\u00edcio.<\/p>\n<p>Logo em seguida eles se dirigiram at\u00e9 a casa de Beto Branco, descendo por Z\u00e9 de No\u00e9 e por fim no Bar do Jacar\u00e9. Este foi o terceiro passeio dos integrantes que j\u00e1 definiram uma nova data para um novo encontro, que ser\u00e1 no dia 26 de agosto com sa\u00edda do s\u00edtio Santo Ant\u00f4nio, da casa do vereador Reinaldo Martins com dire\u00e7\u00e3o a sede do Munic\u00edpio. Os &#8220;Amigos do Cavalo&#8221; informam que qualquer pessoa que curte uma boa cavalgada pode participar da equipe e que a cavalgada oficial promovida por eles acontecer\u00e1 no m\u00eas de setembro deste ano. <em>Foto: Jackson<\/em><\/p>\n<div style=\"margin-top: 0px; margin-bottom: 0px;\" class=\"sharethis-inline-share-buttons\" ><\/div>","protected":false},"excerpt":{"rendered":"<p>Foi criado no Munic\u00edpio de Salo\u00e1\/PE a equipe \u201cAmigos do Cavalo\u201d, formado por pessoas que curtem e gostam de passear de cavalo, com o objetivo de lazer e divers\u00e3o. O grupo j\u00e1 re\u00fane dezenas de cavaleiros que sempre est\u00e3o cavalgando pela zona rural. No \u00faltimo s\u00e1bado (4), os &#8220;Amigos do Cavalo&#8221; fizeram um percurso de [&hellip;]<\/p>\n","protected":false},"author":2,"featured_media":4660,"comment_status":"open","ping_status":"open","sticky":false,"template":"","format":"standard","meta":{"footnotes":""},"categories":[2],"tags":[],"class_list":["post-4659","post","type-post","status-publish","format-standard","has-post-thumbnail","hentry","category-noticias-do-dia"],"_links":{"self":[{"href":"https:\/\/www.saloanoticias.com\/v1\/wp-json\/wp\/v2\/posts\/4659","targetHints":{"allow":["GET"]}}],"collection":[{"href":"https:\/\/www.saloanoticias.com\/v1\/wp-json\/wp\/v2\/posts"}],"about":[{"href":"https:\/\/www.saloanoticias.com\/v1\/wp-json\/wp\/v2\/types\/post"}],"author":[{"embeddable":true,"href":"https:\/\/www.saloanoticias.com\/v1\/wp-json\/wp\/v2\/users\/2"}],"replies":[{"embeddable":true,"href":"https:\/\/www.saloanoticias.com\/v1\/wp-json\/wp\/v2\/comments?post=4659"}],"version-history":[{"count":4,"href":"https:\/\/www.saloanoticias.com\/v1\/wp-json\/wp\/v2\/posts\/4659\/revisions"}],"predecessor-version":[{"id":4664,"href":"https:\/\/www.saloanoticias.com\/v1\/wp-json\/wp\/v2\/posts\/4659\/revisions\/4664"}],"wp:featuredmedia":[{"embeddable":true,"href":"https:\/\/www.saloanoticias.com\/v1\/wp-json\/wp\/v2\/media\/4660"}],"wp:attachment":[{"href":"https:\/\/www.saloanoticias.com\/v1\/wp-json\/wp\/v2\/media?parent=4659"}],"wp:term":[{"taxonomy":"category","embeddable":true,"href":"https:\/\/www.saloanoticias.com\/v1\/wp-json\/wp\/v2\/categories?post=4659"},{"taxonomy":"post_tag","embeddable":true,"href":"https:\/\/www.saloanoticias.com\/v1\/wp-json\/wp\/v2\/tags?post=4659"}],"curies":[{"name":"wp","href":"https:\/\/api.w.org\/{rel}","templated":true}]}}