{"id":4653,"date":"2018-08-06T01:16:03","date_gmt":"2018-08-06T01:16:03","guid":{"rendered":"https:\/\/saloanoticias.com\/v1\/?p=4653"},"modified":"2018-08-06T01:26:23","modified_gmt":"2018-08-06T01:26:23","slug":"4653","status":"publish","type":"post","link":"https:\/\/www.saloanoticias.com\/v1\/4653\/","title":{"rendered":"EM GRANDE CONVEN\u00c7\u00c3O PAULO C\u00c2MARA OFICIALIZA CANDIDATURA \u00c0 REELEI\u00c7\u00c3O"},"content":{"rendered":"<p><img loading=\"lazy\" decoding=\"async\" class=\" wp-image-4654 alignleft\" src=\"https:\/\/saloanoticias.com\/v1\/wp-content\/uploads\/2018\/08\/paulo-camara-convecao.jpeg\" alt=\"\" width=\"543\" height=\"362\" srcset=\"https:\/\/www.saloanoticias.com\/v1\/wp-content\/uploads\/2018\/08\/paulo-camara-convecao.jpeg 1200w, https:\/\/www.saloanoticias.com\/v1\/wp-content\/uploads\/2018\/08\/paulo-camara-convecao-300x200.jpeg 300w, https:\/\/www.saloanoticias.com\/v1\/wp-content\/uploads\/2018\/08\/paulo-camara-convecao-1024x683.jpeg 1024w, https:\/\/www.saloanoticias.com\/v1\/wp-content\/uploads\/2018\/08\/paulo-camara-convecao-768x512.jpeg 768w\" sizes=\"auto, (max-width: 543px) 100vw, 543px\" \/>O governador de Pernambuco, Paulo C\u00e2mara (PSB), oficializou sua candidatura \u00e0 reelei\u00e7\u00e3o, neste domingo, dia 5, na conven\u00e7\u00e3o do partido realizada em um clube da zona oeste do Recife. No evento, com direito a orquestra de frevo e clima de Carnaval fora de \u00e9poca, tamb\u00e9m foi confirmada a presidente nacional do PCdoB, Luciana Santos, como candidata a vice-governadora no lugar de Raul Henry, do MDB, que tentar\u00e1 um vaga na C\u00e2mara. O deputado federal Jarbas Vasconcelos (MDB) e o senador Humberto Costa (PT) completam a chapa concorrendo ao Senado.<\/p>\n<p>Quatro anos depois de ser lan\u00e7ado pelo ex-governador do Estado Eduardo Campos (PSB) &#8211; morto em um acidente a\u00e9reo durante a campanha daquele ano -, com uma base de 21 partidos, C\u00e2mara chega \u00e0 sua segunda elei\u00e7\u00e3o com o apoio de 12 legendas. &#8220;Ainda estamos conversando com o PROS e com o PDT para aumentar a chapa. Quanto mais gente conosco, melhor. Doutor Arraes dizia que o que &#8216;os pol\u00edticos separam e o povo junta'&#8221;, afirmou o presidente do PSB em Pernambuco, Sileno Guedes.\u00a0<em>Fonte: Di\u00e1rio de Pernambuco<\/em><\/p>\n<div style=\"margin-top: 0px; margin-bottom: 0px;\" class=\"sharethis-inline-share-buttons\" ><\/div>","protected":false},"excerpt":{"rendered":"<p>O governador de Pernambuco, Paulo C\u00e2mara (PSB), oficializou sua candidatura \u00e0 reelei\u00e7\u00e3o, neste domingo, dia 5, na conven\u00e7\u00e3o do partido realizada em um clube da zona oeste do Recife. No evento, com direito a orquestra de frevo e clima de Carnaval fora de \u00e9poca, tamb\u00e9m foi confirmada a presidente nacional do PCdoB, Luciana Santos, como [&hellip;]<\/p>\n","protected":false},"author":2,"featured_media":4654,"comment_status":"open","ping_status":"open","sticky":false,"template":"","format":"standard","meta":{"footnotes":""},"categories":[2],"tags":[],"class_list":["post-4653","post","type-post","status-publish","format-standard","has-post-thumbnail","hentry","category-noticias-do-dia"],"_links":{"self":[{"href":"https:\/\/www.saloanoticias.com\/v1\/wp-json\/wp\/v2\/posts\/4653","targetHints":{"allow":["GET"]}}],"collection":[{"href":"https:\/\/www.saloanoticias.com\/v1\/wp-json\/wp\/v2\/posts"}],"about":[{"href":"https:\/\/www.saloanoticias.com\/v1\/wp-json\/wp\/v2\/types\/post"}],"author":[{"embeddable":true,"href":"https:\/\/www.saloanoticias.com\/v1\/wp-json\/wp\/v2\/users\/2"}],"replies":[{"embeddable":true,"href":"https:\/\/www.saloanoticias.com\/v1\/wp-json\/wp\/v2\/comments?post=4653"}],"version-history":[{"count":4,"href":"https:\/\/www.saloanoticias.com\/v1\/wp-json\/wp\/v2\/posts\/4653\/revisions"}],"predecessor-version":[{"id":4658,"href":"https:\/\/www.saloanoticias.com\/v1\/wp-json\/wp\/v2\/posts\/4653\/revisions\/4658"}],"wp:featuredmedia":[{"embeddable":true,"href":"https:\/\/www.saloanoticias.com\/v1\/wp-json\/wp\/v2\/media\/4654"}],"wp:attachment":[{"href":"https:\/\/www.saloanoticias.com\/v1\/wp-json\/wp\/v2\/media?parent=4653"}],"wp:term":[{"taxonomy":"category","embeddable":true,"href":"https:\/\/www.saloanoticias.com\/v1\/wp-json\/wp\/v2\/categories?post=4653"},{"taxonomy":"post_tag","embeddable":true,"href":"https:\/\/www.saloanoticias.com\/v1\/wp-json\/wp\/v2\/tags?post=4653"}],"curies":[{"name":"wp","href":"https:\/\/api.w.org\/{rel}","templated":true}]}}