{"id":4640,"date":"2018-08-05T00:21:41","date_gmt":"2018-08-05T00:21:41","guid":{"rendered":"https:\/\/saloanoticias.com\/v1\/?p=4640"},"modified":"2018-08-05T00:48:12","modified_gmt":"2018-08-05T00:48:12","slug":"armando-monteiro-foi-anunciado-como-candidato-da-oposicao","status":"publish","type":"post","link":"https:\/\/www.saloanoticias.com\/v1\/armando-monteiro-foi-anunciado-como-candidato-da-oposicao\/","title":{"rendered":"ARMANDO MONTEIRO \u00c9 ANUNCIADO COMO CANDIDATO DA OPOSI\u00c7\u00c3O"},"content":{"rendered":"<p><img loading=\"lazy\" decoding=\"async\" width=\"930\" height=\"522\" class=\"aligncenter size-full wp-image-4641\" src=\"https:\/\/saloanoticias.com\/v1\/wp-content\/uploads\/2018\/08\/armando-monteiro-2.jpg\" alt=\"\" srcset=\"https:\/\/www.saloanoticias.com\/v1\/wp-content\/uploads\/2018\/08\/armando-monteiro-2.jpg 930w, https:\/\/www.saloanoticias.com\/v1\/wp-content\/uploads\/2018\/08\/armando-monteiro-2-300x168.jpg 300w, https:\/\/www.saloanoticias.com\/v1\/wp-content\/uploads\/2018\/08\/armando-monteiro-2-768x431.jpg 768w\" sizes=\"auto, (max-width: 930px) 100vw, 930px\" \/>Militantes de todas as regi\u00f5es do Estado participaram, neste s\u00e1bado (4), da conven\u00e7\u00e3o do\u00a0<strong>grupo de oposi\u00e7\u00e3o \u201cPernambuco Vai Mudar\u201d<\/strong>, encabe\u00e7ado pelo\u00a0<strong>senador Armando Monteiro Neto (PTB)<\/strong>, pr\u00e9-candidato ao<strong>\u00a0governo do Estado<\/strong>. O evento foi realizado no\u00a0Classic Hall, em Olinda. O\u00a0vereador Fred Ferreira (PSC) ir\u00e1 concorrer ao cargo de vice-governador.\u00a0<strong>Na chapa majorit\u00e1ri<\/strong>a, tamb\u00e9m foram oficializadas as candidaturas de Bruno Ara\u00fajo e Mendon\u00e7a Filho ao Senado.\u00a0Amanh\u00e3 (5)\u00a0 acontece a conven\u00e7\u00e3o do PSB e aliados que ap\u00f3iam a reelei\u00e7\u00e3o do governador Paulo C\u00e2mara. <em>Folha de Pernambuco<\/em><\/p>\n<div style=\"margin-top: 0px; margin-bottom: 0px;\" class=\"sharethis-inline-share-buttons\" ><\/div>","protected":false},"excerpt":{"rendered":"<p>Militantes de todas as regi\u00f5es do Estado participaram, neste s\u00e1bado (4), da conven\u00e7\u00e3o do\u00a0grupo de oposi\u00e7\u00e3o \u201cPernambuco Vai Mudar\u201d, encabe\u00e7ado pelo\u00a0senador Armando Monteiro Neto (PTB), pr\u00e9-candidato ao\u00a0governo do Estado. O evento foi realizado no\u00a0Classic Hall, em Olinda. O\u00a0vereador Fred Ferreira (PSC) ir\u00e1 concorrer ao cargo de vice-governador.\u00a0Na chapa majorit\u00e1ria, tamb\u00e9m foram oficializadas as candidaturas de [&hellip;]<\/p>\n","protected":false},"author":2,"featured_media":4641,"comment_status":"open","ping_status":"open","sticky":false,"template":"","format":"standard","meta":{"footnotes":""},"categories":[2],"tags":[],"class_list":["post-4640","post","type-post","status-publish","format-standard","has-post-thumbnail","hentry","category-noticias-do-dia"],"_links":{"self":[{"href":"https:\/\/www.saloanoticias.com\/v1\/wp-json\/wp\/v2\/posts\/4640","targetHints":{"allow":["GET"]}}],"collection":[{"href":"https:\/\/www.saloanoticias.com\/v1\/wp-json\/wp\/v2\/posts"}],"about":[{"href":"https:\/\/www.saloanoticias.com\/v1\/wp-json\/wp\/v2\/types\/post"}],"author":[{"embeddable":true,"href":"https:\/\/www.saloanoticias.com\/v1\/wp-json\/wp\/v2\/users\/2"}],"replies":[{"embeddable":true,"href":"https:\/\/www.saloanoticias.com\/v1\/wp-json\/wp\/v2\/comments?post=4640"}],"version-history":[{"count":6,"href":"https:\/\/www.saloanoticias.com\/v1\/wp-json\/wp\/v2\/posts\/4640\/revisions"}],"predecessor-version":[{"id":4651,"href":"https:\/\/www.saloanoticias.com\/v1\/wp-json\/wp\/v2\/posts\/4640\/revisions\/4651"}],"wp:featuredmedia":[{"embeddable":true,"href":"https:\/\/www.saloanoticias.com\/v1\/wp-json\/wp\/v2\/media\/4641"}],"wp:attachment":[{"href":"https:\/\/www.saloanoticias.com\/v1\/wp-json\/wp\/v2\/media?parent=4640"}],"wp:term":[{"taxonomy":"category","embeddable":true,"href":"https:\/\/www.saloanoticias.com\/v1\/wp-json\/wp\/v2\/categories?post=4640"},{"taxonomy":"post_tag","embeddable":true,"href":"https:\/\/www.saloanoticias.com\/v1\/wp-json\/wp\/v2\/tags?post=4640"}],"curies":[{"name":"wp","href":"https:\/\/api.w.org\/{rel}","templated":true}]}}