{"id":4634,"date":"2018-08-04T01:30:03","date_gmt":"2018-08-04T01:30:03","guid":{"rendered":"https:\/\/saloanoticias.com\/v1\/?p=4634"},"modified":"2018-08-04T01:35:06","modified_gmt":"2018-08-04T01:35:06","slug":"danilo-cabral-mobiliza-parlamento-para-evitar-cortes-na-educacao","status":"publish","type":"post","link":"https:\/\/www.saloanoticias.com\/v1\/danilo-cabral-mobiliza-parlamento-para-evitar-cortes-na-educacao\/","title":{"rendered":"DANILO CABRAL MOBILIZA PARLAMENTO PARA EVITAR CORTES NA EDUCA\u00c7\u00c3O"},"content":{"rendered":"<p><img loading=\"lazy\" decoding=\"async\" class=\" wp-image-4635 alignright\" src=\"https:\/\/saloanoticias.com\/v1\/wp-content\/uploads\/2018\/08\/42727775282_f84cfd3214_z.jpg\" alt=\"\" width=\"589\" height=\"393\" srcset=\"https:\/\/www.saloanoticias.com\/v1\/wp-content\/uploads\/2018\/08\/42727775282_f84cfd3214_z.jpg 640w, https:\/\/www.saloanoticias.com\/v1\/wp-content\/uploads\/2018\/08\/42727775282_f84cfd3214_z-300x200.jpg 300w\" sizes=\"auto, (max-width: 589px) 100vw, 589px\" \/>O deputado Danilo Cabral (PSB\/PE), presidente da Comiss\u00e3o de Educa\u00e7\u00e3o da C\u00e2mara Federal, vai apresentar proposta de mo\u00e7\u00e3o de rep\u00fadio a eventuais vetos \u00e0 Lei de Diretrizes Or\u00e7ament\u00e1rias (LDO) que atingem o or\u00e7amento de 2019 para educa\u00e7\u00e3o. Tamb\u00e9m apresentar\u00e1 requerimentos para convoca\u00e7\u00e3o dos ministros Esteves Colnago, de Planejamento, e Eduardo Guardia, da Fazenda, para esclarecerem cortes nos recursos da educa\u00e7\u00e3o. O colegiado se reunir\u00e1 na pr\u00f3xima semana, com a retomada das atividades legislativas no Congresso Nacional.<\/p>\n<p>\u201cDepois de reduzir o or\u00e7amento de programas importantes, como de assist\u00eancia estudantil das universidades, do Fies, do Ci\u00eancia sem Fronteiras, a \u00e1rea econ\u00f4mica do governo Temer anuncia profundos cortes na \u00e1rea de pesquisa do Brasil, mais um duro golpe contra a educa\u00e7\u00e3o p\u00fablica brasileira\u201d, critica Danilo Cabral. O deputado destaca que, caso o governo realize o or\u00e7amento de 2019 proposto a Capes (Coordena\u00e7\u00e3o de Aperfei\u00e7oamento de Pessoal de N\u00edvel Superior), mais de 400 mil pesquisas em todo o Pa\u00eds ser\u00e3o paralisadas no segundo semestre do pr\u00f3ximo ano.<\/p>\n<p>Dois dispositivos da Lei de Diretrizes Or\u00e7ament\u00e1rias (LDO) 2019 podem ser alvo de veto do presidente Temer por sugest\u00e3o de sua equipe econ\u00f4mica. Um deles estabelece a corre\u00e7\u00e3o inflacion\u00e1ria do or\u00e7amento do setor. Ou seja, defende a manuten\u00e7\u00e3o do or\u00e7amento da educa\u00e7\u00e3o em 2019 com corre\u00e7\u00e3o no IPCA, garantindo R$ 5 bilh\u00f5es mais para o setor. O outro artigo que pode ser vetado, de autoria de Danilo Cabral, assegura \u00e0s universidades terem receitas pr\u00f3prias sem a obriga\u00e7\u00e3o de devolu\u00e7\u00e3o ao Tesouro.<\/p>\n<p>Nesse momento, a LDO est\u00e1 para san\u00e7\u00e3o ou n\u00e3o presidencial, o prazo para a resposta \u00e9 at\u00e9 dia 14 de agosto. O texto da LDO \u00e9 base para o Projeto de Lei Or\u00e7ament\u00e1ria Anual (LOA) para 2019, que ainda n\u00e3o foi divulgado oficialmente pelo governo federal. \u201cPor isso, a necessidade de mobilizar a sociedade brasileira para que o governo garanta os recursos necess\u00e1rios para a educa\u00e7\u00e3o p\u00fablica do Pa\u00eds\u201d, destaca Danilo Cabral.<\/p>\n<p>&nbsp;<\/p>\n<div style=\"margin-top: 0px; margin-bottom: 0px;\" class=\"sharethis-inline-share-buttons\" ><\/div>","protected":false},"excerpt":{"rendered":"<p>O deputado Danilo Cabral (PSB\/PE), presidente da Comiss\u00e3o de Educa\u00e7\u00e3o da C\u00e2mara Federal, vai apresentar proposta de mo\u00e7\u00e3o de rep\u00fadio a eventuais vetos \u00e0 Lei de Diretrizes Or\u00e7ament\u00e1rias (LDO) que atingem o or\u00e7amento de 2019 para educa\u00e7\u00e3o. Tamb\u00e9m apresentar\u00e1 requerimentos para convoca\u00e7\u00e3o dos ministros Esteves Colnago, de Planejamento, e Eduardo Guardia, da Fazenda, para esclarecerem [&hellip;]<\/p>\n","protected":false},"author":2,"featured_media":4638,"comment_status":"open","ping_status":"open","sticky":false,"template":"","format":"standard","meta":{"footnotes":""},"categories":[2],"tags":[],"class_list":["post-4634","post","type-post","status-publish","format-standard","has-post-thumbnail","hentry","category-noticias-do-dia"],"_links":{"self":[{"href":"https:\/\/www.saloanoticias.com\/v1\/wp-json\/wp\/v2\/posts\/4634","targetHints":{"allow":["GET"]}}],"collection":[{"href":"https:\/\/www.saloanoticias.com\/v1\/wp-json\/wp\/v2\/posts"}],"about":[{"href":"https:\/\/www.saloanoticias.com\/v1\/wp-json\/wp\/v2\/types\/post"}],"author":[{"embeddable":true,"href":"https:\/\/www.saloanoticias.com\/v1\/wp-json\/wp\/v2\/users\/2"}],"replies":[{"embeddable":true,"href":"https:\/\/www.saloanoticias.com\/v1\/wp-json\/wp\/v2\/comments?post=4634"}],"version-history":[{"count":1,"href":"https:\/\/www.saloanoticias.com\/v1\/wp-json\/wp\/v2\/posts\/4634\/revisions"}],"predecessor-version":[{"id":4636,"href":"https:\/\/www.saloanoticias.com\/v1\/wp-json\/wp\/v2\/posts\/4634\/revisions\/4636"}],"wp:featuredmedia":[{"embeddable":true,"href":"https:\/\/www.saloanoticias.com\/v1\/wp-json\/wp\/v2\/media\/4638"}],"wp:attachment":[{"href":"https:\/\/www.saloanoticias.com\/v1\/wp-json\/wp\/v2\/media?parent=4634"}],"wp:term":[{"taxonomy":"category","embeddable":true,"href":"https:\/\/www.saloanoticias.com\/v1\/wp-json\/wp\/v2\/categories?post=4634"},{"taxonomy":"post_tag","embeddable":true,"href":"https:\/\/www.saloanoticias.com\/v1\/wp-json\/wp\/v2\/tags?post=4634"}],"curies":[{"name":"wp","href":"https:\/\/api.w.org\/{rel}","templated":true}]}}