{"id":4625,"date":"2018-08-04T01:02:17","date_gmt":"2018-08-04T01:02:17","guid":{"rendered":"https:\/\/saloanoticias.com\/v1\/?p=4625"},"modified":"2018-08-04T01:03:41","modified_gmt":"2018-08-04T01:03:41","slug":"andreia-mendonca-recebe-apoio-do-prefeito-de-barra-de-guabiraba-e-de-liderancas-de-camocim-de-sao-felix","status":"publish","type":"post","link":"https:\/\/www.saloanoticias.com\/v1\/andreia-mendonca-recebe-apoio-do-prefeito-de-barra-de-guabiraba-e-de-liderancas-de-camocim-de-sao-felix\/","title":{"rendered":"ANDR\u00c9A MENDON\u00c7A RECEBE APOIO DO PREFEITO DE BARRA DE GUABIRABA"},"content":{"rendered":"<p><img loading=\"lazy\" decoding=\"async\" width=\"1280\" height=\"960\" class=\"aligncenter size-full wp-image-4626\" src=\"https:\/\/saloanoticias.com\/v1\/wp-content\/uploads\/2018\/08\/andreia-mendanca-1.jpeg\" alt=\"\" srcset=\"https:\/\/www.saloanoticias.com\/v1\/wp-content\/uploads\/2018\/08\/andreia-mendanca-1.jpeg 1280w, https:\/\/www.saloanoticias.com\/v1\/wp-content\/uploads\/2018\/08\/andreia-mendanca-1-300x225.jpeg 300w, https:\/\/www.saloanoticias.com\/v1\/wp-content\/uploads\/2018\/08\/andreia-mendanca-1-1024x768.jpeg 1024w, https:\/\/www.saloanoticias.com\/v1\/wp-content\/uploads\/2018\/08\/andreia-mendanca-1-768x576.jpeg 768w\" sizes=\"auto, (max-width: 1280px) 100vw, 1280px\" \/>Um dia de agenda literalmente festivo. Assim foi o domingo (29) da pr\u00e9-candidata a deputada estadual Andr\u00e9a Mendon\u00e7a (DEM), que visitou os munic\u00edpios de Barra de Guabiraba e Camocim de S\u00e3o F\u00e9lix, ambos no Agreste de Pernambuco. O primeiro compromisso do dia foi em Barra de Guabiraba, no almo\u00e7o festivo de anivers\u00e1rio do ex-prefeito e grande l\u00edder pol\u00edtico do munic\u00edpio, Alberto George, mais conhecido como \u201cBebeto\u201d, que completou nesse domingo 55 anos e como comemora\u00e7\u00e3o, realizou um grande almo\u00e7o em pra\u00e7a p\u00fablica ao som de muito forr\u00f3.<\/p>\n<p><img loading=\"lazy\" decoding=\"async\" width=\"1280\" height=\"960\" class=\"aligncenter size-full wp-image-4627\" src=\"https:\/\/saloanoticias.com\/v1\/wp-content\/uploads\/2018\/08\/andreia-mendanca-2.jpeg\" alt=\"\" srcset=\"https:\/\/www.saloanoticias.com\/v1\/wp-content\/uploads\/2018\/08\/andreia-mendanca-2.jpeg 1280w, https:\/\/www.saloanoticias.com\/v1\/wp-content\/uploads\/2018\/08\/andreia-mendanca-2-300x225.jpeg 300w, https:\/\/www.saloanoticias.com\/v1\/wp-content\/uploads\/2018\/08\/andreia-mendanca-2-1024x768.jpeg 1024w, https:\/\/www.saloanoticias.com\/v1\/wp-content\/uploads\/2018\/08\/andreia-mendanca-2-768x576.jpeg 768w\" sizes=\"auto, (max-width: 1280px) 100vw, 1280px\" \/><\/p>\n<p>O evento contou com a presen\u00e7a do atual prefeito, Dr. Wilson Madeiro, e do vice, Valdinho Amorim. Todos declararam apoio \u00e0 pr\u00e9-candidatura de Andr\u00e9a. \u201cReceber a minha amiga Andr\u00e9a Mendon\u00e7a numa data t\u00e3o importante como essa \u00e9 algo maravilhoso, pois Andr\u00e9a \u00e9 parte do meu grande amigo e l\u00edder pol\u00edtico, o saudoso ex-deputado Jos\u00e9 Mendon\u00e7a, homem pol\u00edtico que sempre me apoiou e me estendeu as m\u00e3os\u201d, afirmou Bebeto. \u00c0 noite, a pr\u00e9-candidata seguiu at\u00e9 o munic\u00edpio de Camocim de S\u00e3o F\u00e9lix, onde foi prestigiar a 21\u00aa Festa de Jo\u00e3o Pedro, evento que revive no munic\u00edpio as comemora\u00e7\u00f5es de S\u00e3o Jo\u00e3o e S\u00e3o Pedro, e que na noite desse domingo contou com shows de Ful\u00f4 de Mandacaru e da banda Saia Rodada.<\/p>\n<p><img loading=\"lazy\" decoding=\"async\" width=\"1280\" height=\"960\" class=\"aligncenter size-full wp-image-4628\" src=\"https:\/\/saloanoticias.com\/v1\/wp-content\/uploads\/2018\/08\/andreia-mendanca-3.jpeg\" alt=\"\" srcset=\"https:\/\/www.saloanoticias.com\/v1\/wp-content\/uploads\/2018\/08\/andreia-mendanca-3.jpeg 1280w, https:\/\/www.saloanoticias.com\/v1\/wp-content\/uploads\/2018\/08\/andreia-mendanca-3-300x225.jpeg 300w, https:\/\/www.saloanoticias.com\/v1\/wp-content\/uploads\/2018\/08\/andreia-mendanca-3-1024x768.jpeg 1024w, https:\/\/www.saloanoticias.com\/v1\/wp-content\/uploads\/2018\/08\/andreia-mendanca-3-768x576.jpeg 768w\" sizes=\"auto, (max-width: 1280px) 100vw, 1280px\" \/><\/p>\n<p>Na o ocasi\u00e3o, Andr\u00e9a foi recebida pelo l\u00edder pol\u00edtico Ewerton Monteiro, pelo advogado Claudio Evangelista, por suplentes de vereadores e por l\u00edderes de comunidades rurais do munic\u00edpio. Durante \u00e0 noite de domingo e j\u00e1 pela madrugada de segunda-feira (30), a pr\u00e9-candidata abra\u00e7ou e cumprimentou o p\u00fablico presente no evento, pessoas de Camocim e tamb\u00e9m de toda a regi\u00e3o. Ainda esteve presente na comitiva, o deputado federal Tadeu Alencar.<\/p>\n<p><img loading=\"lazy\" decoding=\"async\" width=\"1280\" height=\"960\" class=\"aligncenter size-full wp-image-4629\" src=\"https:\/\/saloanoticias.com\/v1\/wp-content\/uploads\/2018\/08\/andreia-mendanca-4.jpeg\" alt=\"\" srcset=\"https:\/\/www.saloanoticias.com\/v1\/wp-content\/uploads\/2018\/08\/andreia-mendanca-4.jpeg 1280w, https:\/\/www.saloanoticias.com\/v1\/wp-content\/uploads\/2018\/08\/andreia-mendanca-4-300x225.jpeg 300w, https:\/\/www.saloanoticias.com\/v1\/wp-content\/uploads\/2018\/08\/andreia-mendanca-4-1024x768.jpeg 1024w, https:\/\/www.saloanoticias.com\/v1\/wp-content\/uploads\/2018\/08\/andreia-mendanca-4-768x576.jpeg 768w\" sizes=\"auto, (max-width: 1280px) 100vw, 1280px\" \/><\/p>\n<div style=\"margin-top: 0px; margin-bottom: 0px;\" class=\"sharethis-inline-share-buttons\" ><\/div>","protected":false},"excerpt":{"rendered":"<p>Um dia de agenda literalmente festivo. Assim foi o domingo (29) da pr\u00e9-candidata a deputada estadual Andr\u00e9a Mendon\u00e7a (DEM), que visitou os munic\u00edpios de Barra de Guabiraba e Camocim de S\u00e3o F\u00e9lix, ambos no Agreste de Pernambuco. O primeiro compromisso do dia foi em Barra de Guabiraba, no almo\u00e7o festivo de anivers\u00e1rio do ex-prefeito e [&hellip;]<\/p>\n","protected":false},"author":2,"featured_media":4626,"comment_status":"open","ping_status":"open","sticky":false,"template":"","format":"standard","meta":{"footnotes":""},"categories":[2],"tags":[],"class_list":["post-4625","post","type-post","status-publish","format-standard","has-post-thumbnail","hentry","category-noticias-do-dia"],"_links":{"self":[{"href":"https:\/\/www.saloanoticias.com\/v1\/wp-json\/wp\/v2\/posts\/4625","targetHints":{"allow":["GET"]}}],"collection":[{"href":"https:\/\/www.saloanoticias.com\/v1\/wp-json\/wp\/v2\/posts"}],"about":[{"href":"https:\/\/www.saloanoticias.com\/v1\/wp-json\/wp\/v2\/types\/post"}],"author":[{"embeddable":true,"href":"https:\/\/www.saloanoticias.com\/v1\/wp-json\/wp\/v2\/users\/2"}],"replies":[{"embeddable":true,"href":"https:\/\/www.saloanoticias.com\/v1\/wp-json\/wp\/v2\/comments?post=4625"}],"version-history":[{"count":3,"href":"https:\/\/www.saloanoticias.com\/v1\/wp-json\/wp\/v2\/posts\/4625\/revisions"}],"predecessor-version":[{"id":4632,"href":"https:\/\/www.saloanoticias.com\/v1\/wp-json\/wp\/v2\/posts\/4625\/revisions\/4632"}],"wp:featuredmedia":[{"embeddable":true,"href":"https:\/\/www.saloanoticias.com\/v1\/wp-json\/wp\/v2\/media\/4626"}],"wp:attachment":[{"href":"https:\/\/www.saloanoticias.com\/v1\/wp-json\/wp\/v2\/media?parent=4625"}],"wp:term":[{"taxonomy":"category","embeddable":true,"href":"https:\/\/www.saloanoticias.com\/v1\/wp-json\/wp\/v2\/categories?post=4625"},{"taxonomy":"post_tag","embeddable":true,"href":"https:\/\/www.saloanoticias.com\/v1\/wp-json\/wp\/v2\/tags?post=4625"}],"curies":[{"name":"wp","href":"https:\/\/api.w.org\/{rel}","templated":true}]}}