{"id":4618,"date":"2018-08-03T22:34:16","date_gmt":"2018-08-03T22:34:16","guid":{"rendered":"https:\/\/saloanoticias.com\/v1\/?p=4618"},"modified":"2018-08-04T01:39:32","modified_gmt":"2018-08-04T01:39:32","slug":"diretorio-nacional-do-pt-veta-candidatura-de-marilia-arraes","status":"publish","type":"post","link":"https:\/\/www.saloanoticias.com\/v1\/diretorio-nacional-do-pt-veta-candidatura-de-marilia-arraes\/","title":{"rendered":"DIRET\u00d3RIO NACIONAL DO PT VETA CANDIDATURA DE MAR\u00cdLIA ARRAES"},"content":{"rendered":"<p><img loading=\"lazy\" decoding=\"async\" class=\" wp-image-4619 alignright\" src=\"https:\/\/saloanoticias.com\/v1\/wp-content\/uploads\/2018\/08\/marilia-arraes-1.jpg\" alt=\"\" width=\"586\" height=\"377\" srcset=\"https:\/\/www.saloanoticias.com\/v1\/wp-content\/uploads\/2018\/08\/marilia-arraes-1.jpg 700w, https:\/\/www.saloanoticias.com\/v1\/wp-content\/uploads\/2018\/08\/marilia-arraes-1-300x193.jpg 300w\" sizes=\"auto, (max-width: 586px) 100vw, 586px\" \/>Enquanto os militantes do PT de Pernambuco celebravam euf\u00f3ricos o resultado da vota\u00e7\u00e3o no diret\u00f3rio estadual do partido, gritando a plenos pulm\u00f5es o nome de Mar\u00edlia Arraes, o senador Humberto Costa dava uma entrevista em outro tom. Frio, minimizava o resultado e deixava claro que este n\u00e3o teria efeito pr\u00e1tico. \u201cSe n\u00e3o houver nada novo, a tend\u00eancia da vota\u00e7\u00e3o no diret\u00f3rio nacional ser\u00e1 manter a decis\u00e3o da executiva\u201d. E foi exatamente o que aconteceu nesta sexta-feira. Por 59 votos contra 28, os l\u00edderes do partido aprovaram a estrat\u00e9gia nacional &#8211; que determina o apoio ao PSB em Pernambuco na elei\u00e7\u00e3o para o governo do estado.<\/p>\n<p>Assim, a esperan\u00e7a de Mar\u00edlia &#8211; e da imensa maioria do PT local &#8211; durou menos de 24 horas. O recurso apresentado para rever a decis\u00e3o da executiva tamb\u00e9m foi indeferido por esmagadora maioria: 57 a 29. As informa\u00e7\u00f5es foram confirmadas pelo presidente estadual do PT, Bruno Ribeiro. As primeiras informa\u00e7\u00f5es que circulam s\u00e3o de que a vereadora do Recife vai acatar a decis\u00e3o nacional do partido. O jornal O Estado de S\u00e3o Paulo publicou mat\u00e9ria nesta sexta-feira (3) com relatos de pessoas pr\u00f3ximas a ent\u00e3o pr\u00e9-candidata ao governo de Pernambuco que descartaram uma batalha judicial.<\/p>\n<p>A resigna\u00e7\u00e3o, entretanto, n\u00e3o significa apoio \u00e0 reelei\u00e7\u00e3o de Paulo C\u00e2mara. De acordo com as mesmas fontes de O Estado, ela n\u00e3o aceitar\u00e1 subir no palanque com o PSB. Caso o cen\u00e1rio definido nesta sexta-feira (3) no diret\u00f3rio nacional do PT se confirme, as implica\u00e7\u00f5es nas elei\u00e7\u00f5es de Pernambuco ser\u00e3o as seguintes: Paulo C\u00e2mara (PSB) ter\u00e1 o apoio direto do PT, inclusive com Humberto Costa disputando uma vaga ao senado ao lado de Jarbas Vasconcelos (MDB) na chapa. Esta composi\u00e7\u00e3o for\u00e7a naturalmente a sa\u00edda do PDT da base governista, abrindo a possibilidade de uma candidatura de terceira via para o governo do estado.<\/p>\n<p>No cen\u00e1rio nacional, a estrat\u00e9gia do PT que garantiu a neutralidade do PSB nas elei\u00e7\u00f5es enfraquece diretamente a candidatura de Ciro Gomes (PDT) &#8211; que termina este per\u00edodo de negocia\u00e7\u00e3o de alian\u00e7as isolado, com pouqu\u00edssimo tempo de TV e com uma fatia pequena do fundo partid\u00e1rio. Agora resta apenas ao cearense buscar alian\u00e7as estaduais com os socialistas &#8211; o que deve conseguir na maioria dos estados. J\u00e1 o PT ainda conseguiu puxar o PCdoB para seu bloco &#8211; um movimento j\u00e1 esperado -, levando a deputada Manuela D\u2019\u00c1vila a retirar sua candidatura para ser vice de Lula ou do eventual substituto quando o TSE oficializar o impedimento do ex-presidente, atualmente preso na sede da Pol\u00edcia Federal em Curitiba &#8211; condenado em 2\u00aa inst\u00e2ncia por corrup\u00e7\u00e3o. Esta condena\u00e7\u00e3o enquadra Lula na Lei da Ficha Limpa. <em>Fonte: Di\u00e1rio de Pernambuco<\/em><\/p>\n<p>&nbsp;<\/p>\n<div style=\"margin-top: 0px; margin-bottom: 0px;\" class=\"sharethis-inline-share-buttons\" ><\/div>","protected":false},"excerpt":{"rendered":"<p>Enquanto os militantes do PT de Pernambuco celebravam euf\u00f3ricos o resultado da vota\u00e7\u00e3o no diret\u00f3rio estadual do partido, gritando a plenos pulm\u00f5es o nome de Mar\u00edlia Arraes, o senador Humberto Costa dava uma entrevista em outro tom. Frio, minimizava o resultado e deixava claro que este n\u00e3o teria efeito pr\u00e1tico. \u201cSe n\u00e3o houver nada novo, [&hellip;]<\/p>\n","protected":false},"author":2,"featured_media":4619,"comment_status":"open","ping_status":"open","sticky":false,"template":"","format":"standard","meta":{"footnotes":""},"categories":[2],"tags":[],"class_list":["post-4618","post","type-post","status-publish","format-standard","has-post-thumbnail","hentry","category-noticias-do-dia"],"_links":{"self":[{"href":"https:\/\/www.saloanoticias.com\/v1\/wp-json\/wp\/v2\/posts\/4618","targetHints":{"allow":["GET"]}}],"collection":[{"href":"https:\/\/www.saloanoticias.com\/v1\/wp-json\/wp\/v2\/posts"}],"about":[{"href":"https:\/\/www.saloanoticias.com\/v1\/wp-json\/wp\/v2\/types\/post"}],"author":[{"embeddable":true,"href":"https:\/\/www.saloanoticias.com\/v1\/wp-json\/wp\/v2\/users\/2"}],"replies":[{"embeddable":true,"href":"https:\/\/www.saloanoticias.com\/v1\/wp-json\/wp\/v2\/comments?post=4618"}],"version-history":[{"count":5,"href":"https:\/\/www.saloanoticias.com\/v1\/wp-json\/wp\/v2\/posts\/4618\/revisions"}],"predecessor-version":[{"id":4639,"href":"https:\/\/www.saloanoticias.com\/v1\/wp-json\/wp\/v2\/posts\/4618\/revisions\/4639"}],"wp:featuredmedia":[{"embeddable":true,"href":"https:\/\/www.saloanoticias.com\/v1\/wp-json\/wp\/v2\/media\/4619"}],"wp:attachment":[{"href":"https:\/\/www.saloanoticias.com\/v1\/wp-json\/wp\/v2\/media?parent=4618"}],"wp:term":[{"taxonomy":"category","embeddable":true,"href":"https:\/\/www.saloanoticias.com\/v1\/wp-json\/wp\/v2\/categories?post=4618"},{"taxonomy":"post_tag","embeddable":true,"href":"https:\/\/www.saloanoticias.com\/v1\/wp-json\/wp\/v2\/tags?post=4618"}],"curies":[{"name":"wp","href":"https:\/\/api.w.org\/{rel}","templated":true}]}}